{"id":1190,"date":"2020-12-18T13:41:55","date_gmt":"2020-12-18T13:41:55","guid":{"rendered":"https:\/\/www.all4sec.es\/blog\/?p=1190"},"modified":"2020-12-18T13:49:20","modified_gmt":"2020-12-18T13:49:20","slug":"cuando-cambio-todo","status":"publish","type":"post","link":"https:\/\/all4sec.es\/blog\/index.php\/2020\/12\/18\/cuando-cambio-todo\/","title":{"rendered":"El a\u00f1o que lo cambi\u00f3 todo"},"content":{"rendered":"\n<h4 class=\"has-text-align-center wp-block-heading\"><em>2020 est\u00e1 a punto de terminar. Un a\u00f1o diferente. Un a\u00f1o que lo cambi\u00f3 todo. Por eso, ahora queremos hacer un repaso de estos 12 \u00faltimos meses junto al CEO de All4Sec, Alfonso Franco.<\/em><\/h4>\n\n\n\n<h3 class=\"wp-block-heading\">Como Director General, \u00bfqu\u00e9 balance hace de este a\u00f1o?<\/h3>\n\n\n\n<p>Resulta delicado hacer un balance de un a\u00f1o que ha supuesto la mayor crisis humana y econ\u00f3mica de los \u00faltimos 75 a\u00f1os. Nunca, desde la II Guerra Mundial, hab\u00edamos tenido una ca\u00edda del PIB mundial y unas p\u00e9rdidas humanas tan grandes como las sufridas en los \u00faltimos 10 meses. <\/p>\n\n\n\n<div class=\"wp-block-image\"><figure class=\"alignleft size-large is-resized\"><img loading=\"lazy\" decoding=\"async\" src=\"https:\/\/all4sec.es\/blog\/wp-content\/uploads\/2020\/12\/Alfonso-Franco-CEO-All4Sec2.jpg\" alt=\"\" class=\"wp-image-1213\" width=\"226\" height=\"290\" srcset=\"https:\/\/all4sec.es\/blog\/wp-content\/uploads\/2020\/12\/Alfonso-Franco-CEO-All4Sec2.jpg 235w, https:\/\/all4sec.es\/blog\/wp-content\/uploads\/2020\/12\/Alfonso-Franco-CEO-All4Sec2-233x300.jpg 233w\" sizes=\"(max-width: 226px) 100vw, 226px\" \/><figcaption><em><strong>Alfonso Franco. CEO All4Sec<\/strong><\/em><\/figcaption><\/figure><\/div>\n\n\n\n<p>Por eso, hablar del balance del 2020 es hablar del peor a\u00f1o de nuestra sociedad a partir de la posguerra. Sin embargo, y dicho esto, ha habido sectores, como ocurre en todos los momentos de la historia, que se han visto reforzados por la necesidad de hacer frente a esa situaci\u00f3n. Y el tecnol\u00f3gico ha sido uno de ellos.<\/p>\n\n\n\n<p>La respuesta a la pandemia del Covid-19 ha impulsado modelos de trabajo, servicios y relaciones que han acelerado la transformaci\u00f3n digital de todos los sectores de la sociedad. <\/p>\n\n\n\n<p><strong><em>Uno de los elementos que ha tomado mayor protagonismo en esa transformaci\u00f3n ha sido precisamente la ciberseguridad. Se ha convertido en la clave de b\u00f3veda de cualquier intento de afrontar los cambios tecnol\u00f3gicos que se avecinaban.<\/em><\/strong><\/p>\n\n\n\n<p><strong><em>Para <\/em><\/strong><em style=\"font-weight: bold;\">All4Sec ha sido un a\u00f1o excelente<\/em>. Como integradores tecnol\u00f3gicos de ciberseguridad, hemos visto como nuestros servicios de consultor\u00eda e integraci\u00f3n crec\u00edan semana a semana, y eran solicitados por m\u00e1s y m\u00e1s nuevos clientes, en ocasiones de forma desesperada. <\/p>\n\n\n\n<p>Porque siendo sinceros, <strong>los cambios en los<\/strong> <strong>modelos de trabajo y de relaci\u00f3n han cogido a muchas empresas desprevenidas<\/strong>. Les ha obligado a improvisar medidas de contingencia provisionales para salir al paso de la situaci\u00f3n.&nbsp;<\/p>\n\n\n\n<h3 class=\"wp-block-heading\">\u00bfDe qu\u00e9 manera se ha reconvertido All4Sec para seguir atendiendo a las necesidades de sus clientes?<\/h3>\n\n\n\n<p>Hay sectores, como el de la ciberseguridad, en los que la reconversi\u00f3n del modelo de trabajo no ha sido pr\u00e1cticamente necesario.<\/p>\n\n\n\n<p>Las compa\u00f1\u00edas que nos dedicamos a la ciberseguridad a menudo implementamos estrategias basadas en la no presencialidad de nuestros profesionales en las oficinas de los clientes. <\/p>\n\n\n\n<p>Nuestros servicios, m\u00e1s all\u00e1 de la instalaci\u00f3n y configuraci\u00f3n de elementos hardware de soporte, est\u00e1n principalmente basados en actuaciones que pueden hacerse de forma remota desde casi cualquier lugar con una conexi\u00f3n a Internet.<\/p>\n\n\n\n<div class=\"wp-block-image\"><figure class=\"alignleft size-large is-resized\"><img loading=\"lazy\" decoding=\"async\" src=\"https:\/\/all4sec.es\/blog\/wp-content\/uploads\/2020\/12\/Teletrabajo-puesto-1024x682.jpg\" alt=\"\" class=\"wp-image-1235\" width=\"243\" height=\"162\" srcset=\"https:\/\/all4sec.es\/blog\/wp-content\/uploads\/2020\/12\/Teletrabajo-puesto-1024x682.jpg 1024w, https:\/\/all4sec.es\/blog\/wp-content\/uploads\/2020\/12\/Teletrabajo-puesto-300x200.jpg 300w, https:\/\/all4sec.es\/blog\/wp-content\/uploads\/2020\/12\/Teletrabajo-puesto-768x511.jpg 768w, https:\/\/all4sec.es\/blog\/wp-content\/uploads\/2020\/12\/Teletrabajo-puesto-1536x1022.jpg 1536w, https:\/\/all4sec.es\/blog\/wp-content\/uploads\/2020\/12\/Teletrabajo-puesto-2048x1363.jpg 2048w\" sizes=\"(max-width: 243px) 100vw, 243px\" \/><figcaption><em><strong>&#8220;Los cambios en los<\/strong> <strong>modelos de trabajo  han cogido a muchas empresas desprevenidas<\/strong><\/em>&#8220;<\/figcaption><\/figure><\/div>\n\n\n\n<p><em><strong>En<\/strong><\/em> <strong><em>All4Sec nos hemos adaptados con relativa rapidez. Nuestra compa\u00f1\u00eda proporciona servicios que permiten la gesti\u00f3n de la ciberseguridad a trav\u00e9s de actuaciones remotas, con estrictas ventanas temporales o incluso en horarios poco habituales. <\/em><\/strong><\/p>\n\n\n\n<p>Por eso, nuestro enfoque ha estado m\u00e1s dirigido a ofrecer nuestra plena disponibilidad a aquellos clientes con los que trabajamos, o coordinarnos con ellos para atender a las necesidades prioritarias que ten\u00edan. <\/p>\n\n\n\n<p>De hecho, ha habido muchos clientes con los que apenas hemos modificado nuestra forma de relacionarlos, m\u00e1s all\u00e1 de las propias limitaciones de movilidad f\u00edsica que hemos sufrido durante muchos meses. En ese sentido, estamos muy contentos de c\u00f3mo los clientes han manifestado su satisfacci\u00f3n con la atenci\u00f3n que les hemos prestado.<\/p>\n\n\n\n<h3 class=\"wp-block-heading\">\u00bfQu\u00e9 tecnolog\u00eda cree que ha sido la m\u00e1s beneficiada en cuanto a su desarrollo durante 2020?<\/h3>\n\n\n\n<p>Todas las tecnolog\u00edas se han visto beneficiadas. Especialmente aquellas que permit\u00edan la ubiquidad de los trabajadores. <strong><em>El trabajo en remoto, los sistemas en nube, los servicios online, el e-commerce&#8230; En torno a ellos se ha articulado el funcionamiento de muchas empresas.<\/em><\/strong> Y entre todos, las soluciones de ciberseguridad ha sido el elemento de engranaje.<\/p>\n\n\n\n<div class=\"wp-block-image\"><figure class=\"alignright size-large is-resized\"><img loading=\"lazy\" decoding=\"async\" src=\"https:\/\/all4sec.es\/blog\/wp-content\/uploads\/2020\/12\/Alfonso-Franco-CEO-All4Sec-2.jpg\" alt=\"\" class=\"wp-image-1223\" width=\"259\" height=\"186\" srcset=\"https:\/\/all4sec.es\/blog\/wp-content\/uploads\/2020\/12\/Alfonso-Franco-CEO-All4Sec-2.jpg 472w, https:\/\/all4sec.es\/blog\/wp-content\/uploads\/2020\/12\/Alfonso-Franco-CEO-All4Sec-2-300x215.jpg 300w\" sizes=\"(max-width: 259px) 100vw, 259px\" \/><figcaption>&#8220;<strong><em>En All4Sec nos hemos adaptado al nuevo contexto con rapidez<\/em><\/strong>&#8220;<\/figcaption><\/figure><\/div>\n\n\n\n<p>Hemos descubierto que <a href=\"https:\/\/all4sec.es\/blog\/index.php\/2020\/05\/21\/quiero-teletrabajar\/\">el modelo de presencialidad en las oficinas carec\u00eda de estrategias claras de contingencia<\/a>, en particular en entornos medianamente digitalizados. Las empresas han tenido que improvisar t\u00e1cticas de emergencia sin las debidas consideraciones de seguridad.<\/p>\n\n\n\n<p><strong><em>Aquellas compa\u00f1\u00edas que dentro de sus planes estrat\u00e9gicos dispon\u00edan de un Plan de Contingencia estudiado y definido han podido ponerlo en pr\u00e1ctica.<\/em><\/strong> Sin embargo, aquellas que carec\u00edan de \u00e9l han tenido que salir al paso con soluciones tecnol\u00f3gicas <em>ad-hoc <\/em>que iban desde escritorios remotos, sistemas de videoconferencia o conexiones directas a servicios corporativos o portales web de sus Intranets. Y eso ha significado un enorme riesgo.<\/p>\n\n\n\n<p>En Espa\u00f1a se han vendido m\u00e1s port\u00e1tiles que nunca y se han habilitado herramientas para la conexi\u00f3n remota que solo antes utilizaban unos pocos. De alguna forma se ha puesto en evidencia la debilidad del modelo tradicional de ciberseguridad de muchas compa\u00f1\u00edas. Un modelo basado en un concepto de entorno perimetral seguro y protegido.<\/p>\n\n\n\n<p>El protagonismo se ha desplazado hacia lo que se ha consolidado como concepto clave para la \u201cnueva normalidad\u201d, el <em><a href=\"https:\/\/all4sec.es\/blog\/index.php\/2020\/09\/25\/zero-trust-a-traves-del-metodo-kipling\/\">Zero Trust<\/a><\/em>.  Una forma paranoica de actuar pensando que nada (ning\u00fan dispositivo) ni nadie (ning\u00fan usuario) puede considerarse seguro hasta que no se verifique su identidad e integridad.<\/p>\n\n\n\n<p><em><strong>Tecnolog\u00edas de gesti\u00f3n de la identidad, seguridad de servicios en la nube, cifrado de comunicaciones, sistemas de monitorizaci\u00f3n y control de usuarios, herramientas para filtrados de contenidos, etc. est\u00e1n entre las m\u00e1s solicitadas<\/strong><\/em>. En ese aspecto, podemos decir que<a href=\"https:\/\/www.all4sec.es\/partners-clientes.html\"> en All4Sec hemos hecho una apuesta ganadora dentro de nuestro portfolio de soluciones<\/a>.<\/p>\n\n\n\n<h3 class=\"wp-block-heading\">\u00bfSe ha beneficiado All4Sec de la tecnolog\u00eda?<\/h3>\n\n\n\n<p>Realmente no nos hemos beneficiado; hemos visto confirmada nuestra estrategia de apuesta tecnol\u00f3gica.<\/p>\n\n\n\n<p><em><strong>Desde siempre en All4Sec hemos abogado por un modelo planificado de adopci\u00f3n de medidas de ciberseguridad por parte de nuestros clientes<\/strong><\/em>. Bien es cierto que los que nos dedicamos desde hace muchos a\u00f1os a esto, hemos visto como las cuestiones relacionadas con la protecci\u00f3n de los servicios relacionados con las tecnolog\u00edas de la informaci\u00f3n ocupaban lugares de segunda l\u00ednea en las prioridades de muchas compa\u00f1\u00edas. <\/p>\n\n\n\n<p>No en vano m\u00e1s del 99% de las empresas en Espa\u00f1a son PYMEs. Sus los recursos econ\u00f3micos, en particular dedicados a la seguridad, son limitados.<\/p>\n\n\n\n<div class=\"wp-block-image\"><figure class=\"alignleft size-large is-resized\"><img loading=\"lazy\" decoding=\"async\" src=\"https:\/\/all4sec.es\/blog\/wp-content\/uploads\/2020\/12\/Logo-All4Sec-Ciberseguridad.jpg\" alt=\"\" class=\"wp-image-1228\" width=\"256\" height=\"99\" srcset=\"https:\/\/all4sec.es\/blog\/wp-content\/uploads\/2020\/12\/Logo-All4Sec-Ciberseguridad.jpg 676w, https:\/\/all4sec.es\/blog\/wp-content\/uploads\/2020\/12\/Logo-All4Sec-Ciberseguridad-300x117.jpg 300w\" sizes=\"(max-width: 256px) 100vw, 256px\" \/><figcaption>&#8220;<strong><em>Creemos que hemos hecho una apuesta tecnol\u00f3gica ganadora&#8221;<\/em><\/strong><\/figcaption><\/figure><\/div>\n\n\n\n<p>Sin embargo, esta nueva tesitura, si algo bueno ha tenido, es que ha echado por tierra muchas de las ideas preconcebidas que se ten\u00edan sobre la ciberseguridad. Ideas como que \u201c<em>a mi no me va a pasar nada, porque nada tengo que pueda interesar a nadie<\/em>\u201d. <\/p>\n\n\n\n<p>Los ciberataques y las brechas de seguridad en muchas compa\u00f1\u00edas han sido una constante. <em><strong>La ciberseguridad ha pasado, casi de la noche a la ma\u00f1ana, a estar en primera l\u00ednea de actualidad<\/strong><\/em>. Tambi\u00e9n los que nos dedicamos a ella, salvando otros servicios esenciales y claramente de importancia incomparable como la salud y la log\u00edstica de la distribuci\u00f3n, por poner solo dos ejemplos.<\/p>\n\n\n\n<p>Todo el mundo ha comenzado a interesarse por lo que deber\u00edan hacer para poder garantizar de forma segura la prestaci\u00f3n de sus propios servicios. Y aunque no era la forma que nos hubiera gustado plantearlo, e<em><strong>n All4Sec hemos tratado de responder a sus preguntas, proponi\u00e9ndoles cambios organizativos y tecnol\u00f3gicos que les permitieran cumplir con sus expectativas.<\/strong><\/em><\/p>\n\n\n\n<h3 class=\"wp-block-heading\">\u00bfC\u00f3mo cree que ser\u00e1 el 2021?<\/h3>\n\n\n\n<p>No resulta f\u00e1cil hacer previsiones en un entorno tan cambiante como el actual. A\u00fan recuerdo esta misma pregunta el a\u00f1o pasado por estas fechas. Estoy seguro de que nadie se habr\u00eda imaginado lo que despu\u00e9s nos ha ocurrido.<\/p>\n\n\n\n<p>Todos los planes empresariales, incluso europeos, se han visto alterados. De prever crecimientos moderados, como hac\u00eda la Comisi\u00f3n Europea a finales de 2019, <a href=\"https:\/\/www.ecb.europa.eu\/pub\/projections\/html\/ecb.projections201912_eurosystemstaff~c7a91336cb.es.html\">vamos a pasar a decrecimientos promedio de m\u00e1s del 7,2% (en Espa\u00f1a incluso bastante peores)<\/a>.<\/p>\n\n\n\n<p>En este contexto, parece que<strong><em> los planes de inversi\u00f3n de los clientes se ver\u00e1n seriamente modificados durante el pr\u00f3ximo a\u00f1o<\/em><\/strong>. En gran medida estar\u00e1n dirigidos a recuperar la capacidad productiva perdida.<\/p>\n\n\n\n<p>Las ayudas del Estado ser\u00e1n indispensables. Sin embargo, no debemos pasar por alto que estas deber\u00e1n dirigirse a crear un entorno en el que la digitalizaci\u00f3n llegue a todas las capas de la econom\u00eda; hacia una modernizaci\u00f3n tecnol\u00f3gica que ya era necesaria desde hac\u00eda mucho tiempo.<\/p>\n\n\n\n<p><em><strong>Es muy posible que esto traiga consigo inversiones sostenidas en ciberseguridad. Aun as\u00ed, deber\u00e1n hacerse de forma sosegada y bien planificada y, sobre todo, contando con compa\u00f1\u00edas como All4Sec<\/strong><\/em>. Compa\u00f1\u00edas dispuestas a acompa\u00f1ar a los clientes en ese desconocido camino que se propondr\u00e1n emprender.<\/p>\n\n\n\n<hr class=\"wp-block-separator\"\/>\n\n\n\n<p><\/p>\n","protected":false},"excerpt":{"rendered":"<p>2020 est\u00e1 a punto de terminar. Un a\u00f1o diferente. Un a\u00f1o que lo cambi\u00f3 todo. Por eso, queremos hacer un repaso de estos 12 \u00faltimos meses junto al CEO de All4Sec, Alfonso Franco.<\/p>\n","protected":false},"author":1,"featured_media":1215,"comment_status":"closed","ping_status":"closed","sticky":false,"template":"","format":"standard","meta":[],"categories":[2,18,4,20],"tags":[57,56,26,47],"yoast_head":"<!-- This site is optimized with the Yoast SEO plugin v22.8 - https:\/\/yoast.com\/wordpress\/plugins\/seo\/ -->\n<title>El a\u00f1o que lo cambi\u00f3 todo - all4sec.es<\/title>\n<meta name=\"description\" content=\"El a\u00f1o que lo cambi\u00f3 todo. Repaso, junto al CEO de All4Sec, Alfonso Franco, del 2020 y el impacto en la seguridad de las empresas.\" \/>\n<meta name=\"robots\" content=\"index, follow, max-snippet:-1, max-image-preview:large, max-video-preview:-1\" \/>\n<link rel=\"canonical\" href=\"https:\/\/all4sec.es\/blog\/index.php\/2020\/12\/18\/cuando-cambio-todo\/\" \/>\n<meta property=\"og:locale\" content=\"es_ES\" \/>\n<meta property=\"og:type\" content=\"article\" \/>\n<meta property=\"og:title\" content=\"El a\u00f1o que lo cambi\u00f3 todo - all4sec.es\" \/>\n<meta property=\"og:description\" content=\"El a\u00f1o que lo cambi\u00f3 todo. Repaso, junto al CEO de All4Sec, Alfonso Franco, del 2020 y el impacto en la seguridad de las empresas.\" \/>\n<meta property=\"og:url\" content=\"https:\/\/all4sec.es\/blog\/index.php\/2020\/12\/18\/cuando-cambio-todo\/\" \/>\n<meta property=\"og:site_name\" content=\"all4sec.es\" \/>\n<meta property=\"article:published_time\" content=\"2020-12-18T13:41:55+00:00\" \/>\n<meta property=\"article:modified_time\" content=\"2020-12-18T13:49:20+00:00\" \/>\n<meta property=\"og:image\" content=\"https:\/\/all4sec.es\/blog\/wp-content\/uploads\/2020\/12\/balance2020.jpg\" \/>\n\t<meta property=\"og:image:width\" content=\"1920\" \/>\n\t<meta property=\"og:image:height\" content=\"2473\" \/>\n\t<meta property=\"og:image:type\" content=\"image\/jpeg\" \/>\n<meta name=\"author\" content=\"admin\" \/>\n<meta name=\"twitter:card\" content=\"summary_large_image\" \/>\n<meta name=\"twitter:label1\" content=\"Escrito por\" \/>\n\t<meta name=\"twitter:data1\" content=\"admin\" \/>\n\t<meta name=\"twitter:label2\" content=\"Tiempo de lectura\" \/>\n\t<meta name=\"twitter:data2\" content=\"7 minutos\" \/>\n<script type=\"application\/ld+json\" class=\"yoast-schema-graph\">{\"@context\":\"https:\/\/schema.org\",\"@graph\":[{\"@type\":\"WebPage\",\"@id\":\"https:\/\/all4sec.es\/blog\/index.php\/2020\/12\/18\/cuando-cambio-todo\/\",\"url\":\"https:\/\/all4sec.es\/blog\/index.php\/2020\/12\/18\/cuando-cambio-todo\/\",\"name\":\"El a\u00f1o que lo cambi\u00f3 todo - all4sec.es\",\"isPartOf\":{\"@id\":\"https:\/\/all4sec.es\/blog\/#website\"},\"primaryImageOfPage\":{\"@id\":\"https:\/\/all4sec.es\/blog\/index.php\/2020\/12\/18\/cuando-cambio-todo\/#primaryimage\"},\"image\":{\"@id\":\"https:\/\/all4sec.es\/blog\/index.php\/2020\/12\/18\/cuando-cambio-todo\/#primaryimage\"},\"thumbnailUrl\":\"https:\/\/all4sec.es\/blog\/wp-content\/uploads\/2020\/12\/balance2020.jpg\",\"datePublished\":\"2020-12-18T13:41:55+00:00\",\"dateModified\":\"2020-12-18T13:49:20+00:00\",\"author\":{\"@id\":\"https:\/\/all4sec.es\/blog\/#\/schema\/person\/f5b878ecaad0e5f73405af878b8a4cd0\"},\"description\":\"El a\u00f1o que lo cambi\u00f3 todo. Repaso, junto al CEO de All4Sec, Alfonso Franco, del 2020 y el impacto en la seguridad de las empresas.\",\"breadcrumb\":{\"@id\":\"https:\/\/all4sec.es\/blog\/index.php\/2020\/12\/18\/cuando-cambio-todo\/#breadcrumb\"},\"inLanguage\":\"es\",\"potentialAction\":[{\"@type\":\"ReadAction\",\"target\":[\"https:\/\/all4sec.es\/blog\/index.php\/2020\/12\/18\/cuando-cambio-todo\/\"]}]},{\"@type\":\"ImageObject\",\"inLanguage\":\"es\",\"@id\":\"https:\/\/all4sec.es\/blog\/index.php\/2020\/12\/18\/cuando-cambio-todo\/#primaryimage\",\"url\":\"https:\/\/all4sec.es\/blog\/wp-content\/uploads\/2020\/12\/balance2020.jpg\",\"contentUrl\":\"https:\/\/all4sec.es\/blog\/wp-content\/uploads\/2020\/12\/balance2020.jpg\",\"width\":1920,\"height\":2473},{\"@type\":\"BreadcrumbList\",\"@id\":\"https:\/\/all4sec.es\/blog\/index.php\/2020\/12\/18\/cuando-cambio-todo\/#breadcrumb\",\"itemListElement\":[{\"@type\":\"ListItem\",\"position\":1,\"name\":\"Portada\",\"item\":\"https:\/\/all4sec.es\/blog\/\"},{\"@type\":\"ListItem\",\"position\":2,\"name\":\"El a\u00f1o que lo cambi\u00f3 todo\"}]},{\"@type\":\"WebSite\",\"@id\":\"https:\/\/all4sec.es\/blog\/#website\",\"url\":\"https:\/\/all4sec.es\/blog\/\",\"name\":\"all4sec.es\",\"description\":\"\",\"potentialAction\":[{\"@type\":\"SearchAction\",\"target\":{\"@type\":\"EntryPoint\",\"urlTemplate\":\"https:\/\/all4sec.es\/blog\/?s={search_term_string}\"},\"query-input\":\"required name=search_term_string\"}],\"inLanguage\":\"es\"},{\"@type\":\"Person\",\"@id\":\"https:\/\/all4sec.es\/blog\/#\/schema\/person\/f5b878ecaad0e5f73405af878b8a4cd0\",\"name\":\"admin\",\"image\":{\"@type\":\"ImageObject\",\"inLanguage\":\"es\",\"@id\":\"https:\/\/all4sec.es\/blog\/#\/schema\/person\/image\/\",\"url\":\"https:\/\/secure.gravatar.com\/avatar\/a2f21227d2e1d10919d460606a44cc46?s=96&d=mm&r=g\",\"contentUrl\":\"https:\/\/secure.gravatar.com\/avatar\/a2f21227d2e1d10919d460606a44cc46?s=96&d=mm&r=g\",\"caption\":\"admin\"},\"url\":\"https:\/\/all4sec.es\/blog\/index.php\/author\/admin\/\"}]}<\/script>\n<!-- \/ Yoast SEO plugin. -->","yoast_head_json":{"title":"El a\u00f1o que lo cambi\u00f3 todo - all4sec.es","description":"El a\u00f1o que lo cambi\u00f3 todo. Repaso, junto al CEO de All4Sec, Alfonso Franco, del 2020 y el impacto en la seguridad de las empresas.","robots":{"index":"index","follow":"follow","max-snippet":"max-snippet:-1","max-image-preview":"max-image-preview:large","max-video-preview":"max-video-preview:-1"},"canonical":"https:\/\/all4sec.es\/blog\/index.php\/2020\/12\/18\/cuando-cambio-todo\/","og_locale":"es_ES","og_type":"article","og_title":"El a\u00f1o que lo cambi\u00f3 todo - all4sec.es","og_description":"El a\u00f1o que lo cambi\u00f3 todo. Repaso, junto al CEO de All4Sec, Alfonso Franco, del 2020 y el impacto en la seguridad de las empresas.","og_url":"https:\/\/all4sec.es\/blog\/index.php\/2020\/12\/18\/cuando-cambio-todo\/","og_site_name":"all4sec.es","article_published_time":"2020-12-18T13:41:55+00:00","article_modified_time":"2020-12-18T13:49:20+00:00","og_image":[{"width":1920,"height":2473,"url":"https:\/\/all4sec.es\/blog\/wp-content\/uploads\/2020\/12\/balance2020.jpg","type":"image\/jpeg"}],"author":"admin","twitter_card":"summary_large_image","twitter_misc":{"Escrito por":"admin","Tiempo de lectura":"7 minutos"},"schema":{"@context":"https:\/\/schema.org","@graph":[{"@type":"WebPage","@id":"https:\/\/all4sec.es\/blog\/index.php\/2020\/12\/18\/cuando-cambio-todo\/","url":"https:\/\/all4sec.es\/blog\/index.php\/2020\/12\/18\/cuando-cambio-todo\/","name":"El a\u00f1o que lo cambi\u00f3 todo - all4sec.es","isPartOf":{"@id":"https:\/\/all4sec.es\/blog\/#website"},"primaryImageOfPage":{"@id":"https:\/\/all4sec.es\/blog\/index.php\/2020\/12\/18\/cuando-cambio-todo\/#primaryimage"},"image":{"@id":"https:\/\/all4sec.es\/blog\/index.php\/2020\/12\/18\/cuando-cambio-todo\/#primaryimage"},"thumbnailUrl":"https:\/\/all4sec.es\/blog\/wp-content\/uploads\/2020\/12\/balance2020.jpg","datePublished":"2020-12-18T13:41:55+00:00","dateModified":"2020-12-18T13:49:20+00:00","author":{"@id":"https:\/\/all4sec.es\/blog\/#\/schema\/person\/f5b878ecaad0e5f73405af878b8a4cd0"},"description":"El a\u00f1o que lo cambi\u00f3 todo. Repaso, junto al CEO de All4Sec, Alfonso Franco, del 2020 y el impacto en la seguridad de las empresas.","breadcrumb":{"@id":"https:\/\/all4sec.es\/blog\/index.php\/2020\/12\/18\/cuando-cambio-todo\/#breadcrumb"},"inLanguage":"es","potentialAction":[{"@type":"ReadAction","target":["https:\/\/all4sec.es\/blog\/index.php\/2020\/12\/18\/cuando-cambio-todo\/"]}]},{"@type":"ImageObject","inLanguage":"es","@id":"https:\/\/all4sec.es\/blog\/index.php\/2020\/12\/18\/cuando-cambio-todo\/#primaryimage","url":"https:\/\/all4sec.es\/blog\/wp-content\/uploads\/2020\/12\/balance2020.jpg","contentUrl":"https:\/\/all4sec.es\/blog\/wp-content\/uploads\/2020\/12\/balance2020.jpg","width":1920,"height":2473},{"@type":"BreadcrumbList","@id":"https:\/\/all4sec.es\/blog\/index.php\/2020\/12\/18\/cuando-cambio-todo\/#breadcrumb","itemListElement":[{"@type":"ListItem","position":1,"name":"Portada","item":"https:\/\/all4sec.es\/blog\/"},{"@type":"ListItem","position":2,"name":"El a\u00f1o que lo cambi\u00f3 todo"}]},{"@type":"WebSite","@id":"https:\/\/all4sec.es\/blog\/#website","url":"https:\/\/all4sec.es\/blog\/","name":"all4sec.es","description":"","potentialAction":[{"@type":"SearchAction","target":{"@type":"EntryPoint","urlTemplate":"https:\/\/all4sec.es\/blog\/?s={search_term_string}"},"query-input":"required name=search_term_string"}],"inLanguage":"es"},{"@type":"Person","@id":"https:\/\/all4sec.es\/blog\/#\/schema\/person\/f5b878ecaad0e5f73405af878b8a4cd0","name":"admin","image":{"@type":"ImageObject","inLanguage":"es","@id":"https:\/\/all4sec.es\/blog\/#\/schema\/person\/image\/","url":"https:\/\/secure.gravatar.com\/avatar\/a2f21227d2e1d10919d460606a44cc46?s=96&d=mm&r=g","contentUrl":"https:\/\/secure.gravatar.com\/avatar\/a2f21227d2e1d10919d460606a44cc46?s=96&d=mm&r=g","caption":"admin"},"url":"https:\/\/all4sec.es\/blog\/index.php\/author\/admin\/"}]}},"_links":{"self":[{"href":"https:\/\/all4sec.es\/blog\/index.php\/wp-json\/wp\/v2\/posts\/1190"}],"collection":[{"href":"https:\/\/all4sec.es\/blog\/index.php\/wp-json\/wp\/v2\/posts"}],"about":[{"href":"https:\/\/all4sec.es\/blog\/index.php\/wp-json\/wp\/v2\/types\/post"}],"author":[{"embeddable":true,"href":"https:\/\/all4sec.es\/blog\/index.php\/wp-json\/wp\/v2\/users\/1"}],"replies":[{"embeddable":true,"href":"https:\/\/all4sec.es\/blog\/index.php\/wp-json\/wp\/v2\/comments?post=1190"}],"version-history":[{"count":49,"href":"https:\/\/all4sec.es\/blog\/index.php\/wp-json\/wp\/v2\/posts\/1190\/revisions"}],"predecessor-version":[{"id":1259,"href":"https:\/\/all4sec.es\/blog\/index.php\/wp-json\/wp\/v2\/posts\/1190\/revisions\/1259"}],"wp:featuredmedia":[{"embeddable":true,"href":"https:\/\/all4sec.es\/blog\/index.php\/wp-json\/wp\/v2\/media\/1215"}],"wp:attachment":[{"href":"https:\/\/all4sec.es\/blog\/index.php\/wp-json\/wp\/v2\/media?parent=1190"}],"wp:term":[{"taxonomy":"category","embeddable":true,"href":"https:\/\/all4sec.es\/blog\/index.php\/wp-json\/wp\/v2\/categories?post=1190"},{"taxonomy":"post_tag","embeddable":true,"href":"https:\/\/all4sec.es\/blog\/index.php\/wp-json\/wp\/v2\/tags?post=1190"}],"curies":[{"name":"wp","href":"https:\/\/api.w.org\/{rel}","templated":true}]}}