{"id":2276,"date":"2022-05-25T10:12:53","date_gmt":"2022-05-25T10:12:53","guid":{"rendered":"https:\/\/www.all4sec.es\/blog\/?p=2276"},"modified":"2022-05-25T10:12:55","modified_gmt":"2022-05-25T10:12:55","slug":"dia-de-internet-sin-internet","status":"publish","type":"post","link":"https:\/\/all4sec.es\/blog\/index.php\/2022\/05\/25\/dia-de-internet-sin-internet\/","title":{"rendered":"D\u00eda de Internet, \u00bfsin Internet?"},"content":{"rendered":"\n<h4 class=\"has-text-align-center wp-block-heading\">El d\u00eda 17 de mayo se celebra el d\u00eda de Internet. Imag\u00ednese que esa ma\u00f1ana se levanta de la cama y su conexi\u00f3n a Internet no funciona.<\/h4>\n\n\n\n<p>Al tomar su tel\u00e9fono para consultar sus mensajes de WhatsApp o sus correos electr\u00f3nicos las aplicaciones le muestran una se\u00f1al con el mensaje: \u201c<em>Datos no disponibles<\/em>\u201d. &nbsp;Excluyamos, por el momento, las razones para esa falta de disponibilidad. Simplemente imaginemos la situaci\u00f3n, sin m\u00e1s.<\/p>\n\n\n\n<h3 class=\"wp-block-heading\"><strong>La experiencia de un d\u00eda sin Internet<\/strong><\/h3>\n\n\n\n<p>Tras la ducha y el desayuno, aquellos que lleven alg\u00fan tiempo teletrabajando ver\u00e1n que no pueden iniciar la videoconferencia que ten\u00edan prevista para primera hora de la ma\u00f1ana o no pueden conectarse a los servicios de su empresa a trav\u00e9s de la VPN que su departamento de sistemas les instal\u00f3 tiempo atr\u00e1s. Posiblemente y bajo este escenario, los m\u00e1s decididos pensar\u00e1n que una soluci\u00f3n a sus problemas sea dirigirse a sus oficinas y <strong>trabajar de forma presencial<\/strong>.<\/p>\n\n\n\n<div class=\"wp-block-image\"><figure class=\"alignleft size-large is-resized\"><img loading=\"lazy\" decoding=\"async\" src=\"https:\/\/all4sec.es\/blog\/wp-content\/uploads\/2022\/05\/IsI-2-car-g53283c181_1280-1024x512.png\" alt=\"\" class=\"wp-image-2282\" width=\"225\" height=\"113\" srcset=\"https:\/\/all4sec.es\/blog\/wp-content\/uploads\/2022\/05\/IsI-2-car-g53283c181_1280-1024x512.png 1024w, https:\/\/all4sec.es\/blog\/wp-content\/uploads\/2022\/05\/IsI-2-car-g53283c181_1280-300x150.png 300w, https:\/\/all4sec.es\/blog\/wp-content\/uploads\/2022\/05\/IsI-2-car-g53283c181_1280-768x384.png 768w, https:\/\/all4sec.es\/blog\/wp-content\/uploads\/2022\/05\/IsI-2-car-g53283c181_1280.png 1280w\" sizes=\"(max-width: 225px) 100vw, 225px\" \/><\/figure><\/div>\n\n\n\n<p>As\u00ed pues, con incomodidad por la situaci\u00f3n, saldr\u00e1n de sus domicilios. Algunos se mover\u00e1n en transporte p\u00fablico, otros en veh\u00edculos privados. Los primeros <strong>intentar\u00e1n, sin \u00e9xito, conectar sus smartphones<\/strong> con sus servicios de m\u00fasica online o visualizar alg\u00fan video durante el trayecto. Los segundos observar\u00e1n que sus navegadores <strong>no pueden actualizar la informaci\u00f3n de navegaci\u00f3n del coche<\/strong> o tendr\u00e1n deshabilitado el servicio \u201cAlways On\u201d de sus modernos veh\u00edculos.<\/p>\n\n\n\n<div class=\"wp-block-image\"><figure class=\"alignright size-large is-resized\"><img loading=\"lazy\" decoding=\"async\" src=\"https:\/\/all4sec.es\/blog\/wp-content\/uploads\/2022\/05\/IsI-3-cloud-server-not-working-g53e432ea9_1280-1024x1024.png\" alt=\"\" class=\"wp-image-2283\" width=\"167\" height=\"167\" srcset=\"https:\/\/all4sec.es\/blog\/wp-content\/uploads\/2022\/05\/IsI-3-cloud-server-not-working-g53e432ea9_1280-1024x1024.png 1024w, https:\/\/all4sec.es\/blog\/wp-content\/uploads\/2022\/05\/IsI-3-cloud-server-not-working-g53e432ea9_1280-300x300.png 300w, https:\/\/all4sec.es\/blog\/wp-content\/uploads\/2022\/05\/IsI-3-cloud-server-not-working-g53e432ea9_1280-150x150.png 150w, https:\/\/all4sec.es\/blog\/wp-content\/uploads\/2022\/05\/IsI-3-cloud-server-not-working-g53e432ea9_1280-768x768.png 768w, https:\/\/all4sec.es\/blog\/wp-content\/uploads\/2022\/05\/IsI-3-cloud-server-not-working-g53e432ea9_1280.png 1280w\" sizes=\"(max-width: 167px) 100vw, 167px\" \/><\/figure><\/div>\n\n\n\n<p>Quiz\u00e1s todos se resignen a comenzar su jornada sin esas peque\u00f1as cosas que le hac\u00edan la vida algo m\u00e1s c\u00f3moda. Pero esto es solo el principio.<\/p>\n\n\n\n<div class=\"wp-block-image\"><figure class=\"alignleft size-large is-resized\"><img loading=\"lazy\" decoding=\"async\" src=\"https:\/\/all4sec.es\/blog\/wp-content\/uploads\/2022\/05\/IsI-4-connection-broken-g564f3f3ff_1280-1024x1024.png\" alt=\"\" class=\"wp-image-2284\" width=\"158\" height=\"158\" srcset=\"https:\/\/all4sec.es\/blog\/wp-content\/uploads\/2022\/05\/IsI-4-connection-broken-g564f3f3ff_1280-1024x1024.png 1024w, https:\/\/all4sec.es\/blog\/wp-content\/uploads\/2022\/05\/IsI-4-connection-broken-g564f3f3ff_1280-300x300.png 300w, https:\/\/all4sec.es\/blog\/wp-content\/uploads\/2022\/05\/IsI-4-connection-broken-g564f3f3ff_1280-150x150.png 150w, https:\/\/all4sec.es\/blog\/wp-content\/uploads\/2022\/05\/IsI-4-connection-broken-g564f3f3ff_1280-768x768.png 768w, https:\/\/all4sec.es\/blog\/wp-content\/uploads\/2022\/05\/IsI-4-connection-broken-g564f3f3ff_1280.png 1280w\" sizes=\"(max-width: 158px) 100vw, 158px\" \/><\/figure><\/div>\n\n\n\n<p>Al llegar a la oficina los servicios corporativos solo estar\u00e1n accesible en modo local. Sin conexi\u00f3n a Internet <strong>no podr\u00e1 acceder a las aplicaciones que utilizan habitualmente en la nube<\/strong>, no podr\u00e1n mandar correos electr\u00f3nicos (ni siquiera dentro de sus propias oficinas si no disponen de un servidor de correo local) y es posible que no puedan hacer llamadas a los clientes porque el servicio de telefon\u00eda que decidi\u00f3 instalar su compa\u00f1\u00eda es un servicio de voz sobre IP (VoIP).<\/p>\n\n\n\n<p>El d\u00eda se har\u00e1 eterno <strong>trabajando sobre documentos y aplicaciones locales<\/strong> y pensando en c\u00f3mo compartir o hacer llegar esa informaci\u00f3n a las personas interesadas.<\/p>\n\n\n\n<p>Todo les parecer\u00e1 extra\u00f1o e inc\u00f3modo y posiblemente el efecto se acentuar\u00e1 cuando regresen a sus domicilios. Algunos tendr\u00edan pensado avanzar en ese videojuego que les ten\u00eda enganchado en los \u00faltimos meses, otros desear\u00edan relajarse viendo un cap\u00edtulo de una de sus series favoritas. Ninguno de ellos lo conseguir\u00e1.<\/p>\n\n\n\n<h3 class=\"wp-block-heading\"><strong>Ca\u00eddas en 2020<\/strong><\/h3>\n\n\n\n<div class=\"wp-block-image\"><figure class=\"alignright size-large is-resized\"><img loading=\"lazy\" decoding=\"async\" src=\"https:\/\/all4sec.es\/blog\/wp-content\/uploads\/2022\/05\/IsI-5-www-g9cefd00b7_1920-1024x995.png\" alt=\"\" class=\"wp-image-2285\" width=\"252\" height=\"245\" srcset=\"https:\/\/all4sec.es\/blog\/wp-content\/uploads\/2022\/05\/IsI-5-www-g9cefd00b7_1920-1024x995.png 1024w, https:\/\/all4sec.es\/blog\/wp-content\/uploads\/2022\/05\/IsI-5-www-g9cefd00b7_1920-300x292.png 300w, https:\/\/all4sec.es\/blog\/wp-content\/uploads\/2022\/05\/IsI-5-www-g9cefd00b7_1920-768x746.png 768w, https:\/\/all4sec.es\/blog\/wp-content\/uploads\/2022\/05\/IsI-5-www-g9cefd00b7_1920-1536x1493.png 1536w, https:\/\/all4sec.es\/blog\/wp-content\/uploads\/2022\/05\/IsI-5-www-g9cefd00b7_1920.png 1920w\" sizes=\"(max-width: 252px) 100vw, 252px\" \/><\/figure><\/div>\n\n\n\n<p>La situaci\u00f3n descrita en principio resulta poco probable, aunque no imposible. <a href=\"https:\/\/es.wikipedia.org\/wiki\/Ciberataque_a_Dyn_de_octubre_de_2016\">Ya ocurri\u00f3 en 2016<\/a> cuando un ciberataque inhabilito los servicios de DNS de uno de los proveedores de referencia mundial y dej\u00f3 sin conexi\u00f3n a numerosos servicios como Twitter, Spotify, PayPal, PSN, Xbox Live, Reddit, etc. Pero hay m\u00e1s. Seg\u00fan el \u00faltimo informe de la <a href=\"https:\/\/www.accessnow.org\/keepiton\/\">Organizaci\u00f3n Access Now<\/a>, <strong>en 2020 se produjeron m\u00e1s de 155 ca\u00eddas de Internet que afectaron a 29 pa\u00edses del mundo<\/strong> \u2014si bien la mayor parte se trataba de pa\u00edses en desarrollo.<\/p>\n\n\n\n<p>Oficialmente \u2014y tal y como detalla el informe\u2014 estas ca\u00eddas han estado relacionadas con medidas de precauci\u00f3n de gobiernos, de seguridad nacional, de <a href=\"https:\/\/all4sec.es\/blog\/index.php\/2021\/11\/19\/quien-esta-al-otro-lado-un-analisis-de-los-perfiles-falsos-en-internet\/\">proliferaci\u00f3n de <em>fake news<\/em><\/a> &nbsp;o delitos de odio, de ciberataques o causados por problemas t\u00e9cnicos. Y decimos oficialmente porque en ocasiones algunas de estas razones acaban siendo meros <strong>eufemismos<\/strong>.<\/p>\n\n\n\n<p>De cualquier forma y sea cual sea la causa, lo que est\u00e1 claro es que estos datos muestran que no podemos excluir que el escenario descrito \u2014aunque improbable y muy trivial\u2014 pueda producirse de una manera o de otra.<\/p>\n\n\n\n<h3 class=\"wp-block-heading\"><strong>Dependencia social de Internet<\/strong><\/h3>\n\n\n\n<div class=\"wp-block-image\"><figure class=\"alignleft size-large is-resized\"><img loading=\"lazy\" decoding=\"async\" src=\"https:\/\/all4sec.es\/blog\/wp-content\/uploads\/2022\/05\/IsI-7-help-g4d01a61d3_1280-1024x1024.png\" alt=\"\" class=\"wp-image-2288\" width=\"123\" height=\"123\" srcset=\"https:\/\/all4sec.es\/blog\/wp-content\/uploads\/2022\/05\/IsI-7-help-g4d01a61d3_1280-1024x1024.png 1024w, https:\/\/all4sec.es\/blog\/wp-content\/uploads\/2022\/05\/IsI-7-help-g4d01a61d3_1280-300x300.png 300w, https:\/\/all4sec.es\/blog\/wp-content\/uploads\/2022\/05\/IsI-7-help-g4d01a61d3_1280-150x150.png 150w, https:\/\/all4sec.es\/blog\/wp-content\/uploads\/2022\/05\/IsI-7-help-g4d01a61d3_1280-768x768.png 768w, https:\/\/all4sec.es\/blog\/wp-content\/uploads\/2022\/05\/IsI-7-help-g4d01a61d3_1280.png 1280w\" sizes=\"(max-width: 123px) 100vw, 123px\" \/><\/figure><\/div>\n\n\n\n<p>Llegados a este punto, muchos de ustedes pensar\u00e1n en Internet y la dependencia que tenemos de ella en nuestra sociedad. Las preguntas que rondar\u00e1n sus cabezas ser\u00e1n muchas. <strong>Preguntas sociales<\/strong> <em>\u2014\u00bfc\u00f3mo quedan nuestras relaciones personales?, \u00bfcu\u00e1ntas actividades cotidianas, como el deporte o los paseos, han quedado aparcadas?, <a href=\"https:\/\/all4sec.es\/blog\/index.php\/2022\/03\/09\/rrss-redes-sociales-riesgos\/\">\u00bfqu\u00e9 papel juegan las aplicaciones de redes sociales en nuestras vidas?<\/a><\/em>\u2014; <strong>econ\u00f3micas<\/strong> \u2014\u00bf<em>cu\u00e1l es el impacto que tiene Internet en los negocios?, \u00bfha ido en detrimento de otros negocios rentables?, \u00bfhay m\u00e1s empleo?<\/em>\u2014; o de <strong>comunicaci\u00f3n<\/strong> <em>\u2014\u00bfestamos sobreexpuestos a la informaci\u00f3n en Internet?, \u00bfse traduce eso en mejores servicios?<\/em>\u2014.<\/p>\n\n\n\n<p>Las respuestas a todas estas preguntas no son sencillas y posiblemente concluir\u00edan en un largo debate con muchas aristas. Los m\u00e1s sensibles socialmente pensar\u00e1n, por ejemplo, en <strong>si<\/strong> <strong>Internet nos ha hecho mejores personas o si ha ayudado a reducir la desigualdad entre pa\u00edses<\/strong>.<\/p>\n\n\n\n<h3 class=\"wp-block-heading\"><strong>D\u00eda de Internet para los nativos digitales<\/strong><\/h3>\n\n\n\n<p>Sin embargo, pensemos ahora en los nativos digitales. Esa nueva generaci\u00f3n que ha nacido con Internet y que ha visto en \u201cla red\u201d un elemento m\u00e1s de su desarrollo personal y profesional. Quiz\u00e1s <strong>para ellos las preguntas tengan menos sentido<\/strong>. Quiz\u00e1s ni las entiendan.<\/p>\n\n\n\n<div class=\"wp-block-image\"><figure class=\"aligncenter size-large is-resized\"><img loading=\"lazy\" decoding=\"async\" src=\"https:\/\/all4sec.es\/blog\/wp-content\/uploads\/2022\/05\/IsI-6-eighties-g0f59df7b1_1920-1024x1011.png\" alt=\"\" class=\"wp-image-2286\" width=\"160\" height=\"158\" srcset=\"https:\/\/all4sec.es\/blog\/wp-content\/uploads\/2022\/05\/IsI-6-eighties-g0f59df7b1_1920-1024x1011.png 1024w, https:\/\/all4sec.es\/blog\/wp-content\/uploads\/2022\/05\/IsI-6-eighties-g0f59df7b1_1920-300x296.png 300w, https:\/\/all4sec.es\/blog\/wp-content\/uploads\/2022\/05\/IsI-6-eighties-g0f59df7b1_1920-768x758.png 768w, https:\/\/all4sec.es\/blog\/wp-content\/uploads\/2022\/05\/IsI-6-eighties-g0f59df7b1_1920-1536x1517.png 1536w, https:\/\/all4sec.es\/blog\/wp-content\/uploads\/2022\/05\/IsI-6-eighties-g0f59df7b1_1920.png 1920w\" sizes=\"(max-width: 160px) 100vw, 160px\" \/><\/figure><\/div>\n\n\n\n<p>Y <strong>\u00bfpor qu\u00e9?<\/strong>, se preguntar\u00e1n algunos. Pues porque, en cierto modo, celebrar el d\u00eda de Internet <strong>ser\u00eda como celebrar el d\u00eda de la \u201cluz el\u00e9ctrica\u201d o el d\u00eda del \u201cagua del grifo\u201d<\/strong>; algo as\u00ed como celebrar que disponemos de un servicio que siempre est\u00e1 ah\u00ed. Por eso, es muy posible que los nativos digitales piensen que el d\u00eda de Internet sea ya hoy algo <strong>vintage<\/strong>.<\/p>\n","protected":false},"excerpt":{"rendered":"<p>Imag\u00ednese que una ma\u00f1ana se levanta de la cama y la conexi\u00f3n a Internet a nivel global no funciona. La situaci\u00f3n, en principio, resulta poco probable, aunque no imposible. Pero por un momento pensemos en c\u00f3mo ser\u00eda un d\u00eda de su vida, seguro que le surgir\u00e1n  m\u00faltiples preguntas.<\/p>\n","protected":false},"author":3,"featured_media":2279,"comment_status":"closed","ping_status":"closed","sticky":false,"template":"","format":"standard","meta":[],"categories":[2,54],"tags":[],"yoast_head":"<!-- This site is optimized with the Yoast SEO plugin v22.8 - https:\/\/yoast.com\/wordpress\/plugins\/seo\/ -->\n<title>D\u00eda de Internet, \u00bfsin Internet? - all4sec.es<\/title>\n<meta name=\"description\" content=\"D\u00eda de Internet, \u00bfsin Internet? Imag\u00ednese que esa ma\u00f1ana se levanta de la cama y su conexi\u00f3n a la red no funciona.\" \/>\n<meta name=\"robots\" content=\"index, follow, max-snippet:-1, max-image-preview:large, max-video-preview:-1\" \/>\n<link rel=\"canonical\" href=\"https:\/\/all4sec.es\/blog\/index.php\/2022\/05\/25\/dia-de-internet-sin-internet\/\" \/>\n<meta property=\"og:locale\" content=\"es_ES\" \/>\n<meta property=\"og:type\" content=\"article\" \/>\n<meta property=\"og:title\" content=\"D\u00eda de Internet, \u00bfsin Internet? - all4sec.es\" \/>\n<meta property=\"og:description\" content=\"D\u00eda de Internet, \u00bfsin Internet? Imag\u00ednese que esa ma\u00f1ana se levanta de la cama y su conexi\u00f3n a la red no funciona.\" \/>\n<meta property=\"og:url\" content=\"https:\/\/all4sec.es\/blog\/index.php\/2022\/05\/25\/dia-de-internet-sin-internet\/\" \/>\n<meta property=\"og:site_name\" content=\"all4sec.es\" \/>\n<meta property=\"article:published_time\" content=\"2022-05-25T10:12:53+00:00\" \/>\n<meta property=\"article:modified_time\" content=\"2022-05-25T10:12:55+00:00\" \/>\n<meta property=\"og:image\" content=\"https:\/\/all4sec.es\/blog\/wp-content\/uploads\/2022\/05\/IsI-1-error-gf9d9c2024_1280.jpg\" \/>\n\t<meta property=\"og:image:width\" content=\"1280\" \/>\n\t<meta property=\"og:image:height\" content=\"720\" \/>\n\t<meta property=\"og:image:type\" content=\"image\/jpeg\" \/>\n<meta name=\"author\" content=\"Juanjo Galan\" \/>\n<meta name=\"twitter:card\" content=\"summary_large_image\" \/>\n<meta name=\"twitter:label1\" content=\"Escrito por\" \/>\n\t<meta name=\"twitter:data1\" content=\"Juanjo Galan\" \/>\n\t<meta name=\"twitter:label2\" content=\"Tiempo de lectura\" \/>\n\t<meta name=\"twitter:data2\" content=\"6 minutos\" \/>\n<script type=\"application\/ld+json\" class=\"yoast-schema-graph\">{\"@context\":\"https:\/\/schema.org\",\"@graph\":[{\"@type\":\"WebPage\",\"@id\":\"https:\/\/all4sec.es\/blog\/index.php\/2022\/05\/25\/dia-de-internet-sin-internet\/\",\"url\":\"https:\/\/all4sec.es\/blog\/index.php\/2022\/05\/25\/dia-de-internet-sin-internet\/\",\"name\":\"D\u00eda de Internet, \u00bfsin Internet? - all4sec.es\",\"isPartOf\":{\"@id\":\"https:\/\/all4sec.es\/blog\/#website\"},\"primaryImageOfPage\":{\"@id\":\"https:\/\/all4sec.es\/blog\/index.php\/2022\/05\/25\/dia-de-internet-sin-internet\/#primaryimage\"},\"image\":{\"@id\":\"https:\/\/all4sec.es\/blog\/index.php\/2022\/05\/25\/dia-de-internet-sin-internet\/#primaryimage\"},\"thumbnailUrl\":\"https:\/\/all4sec.es\/blog\/wp-content\/uploads\/2022\/05\/IsI-1-error-gf9d9c2024_1280.jpg\",\"datePublished\":\"2022-05-25T10:12:53+00:00\",\"dateModified\":\"2022-05-25T10:12:55+00:00\",\"author\":{\"@id\":\"https:\/\/all4sec.es\/blog\/#\/schema\/person\/d8839fb727b62b7c4e8598b89fdaafa9\"},\"description\":\"D\u00eda de Internet, \u00bfsin Internet? Imag\u00ednese que esa ma\u00f1ana se levanta de la cama y su conexi\u00f3n a la red no funciona.\",\"breadcrumb\":{\"@id\":\"https:\/\/all4sec.es\/blog\/index.php\/2022\/05\/25\/dia-de-internet-sin-internet\/#breadcrumb\"},\"inLanguage\":\"es\",\"potentialAction\":[{\"@type\":\"ReadAction\",\"target\":[\"https:\/\/all4sec.es\/blog\/index.php\/2022\/05\/25\/dia-de-internet-sin-internet\/\"]}]},{\"@type\":\"ImageObject\",\"inLanguage\":\"es\",\"@id\":\"https:\/\/all4sec.es\/blog\/index.php\/2022\/05\/25\/dia-de-internet-sin-internet\/#primaryimage\",\"url\":\"https:\/\/all4sec.es\/blog\/wp-content\/uploads\/2022\/05\/IsI-1-error-gf9d9c2024_1280.jpg\",\"contentUrl\":\"https:\/\/all4sec.es\/blog\/wp-content\/uploads\/2022\/05\/IsI-1-error-gf9d9c2024_1280.jpg\",\"width\":1280,\"height\":720},{\"@type\":\"BreadcrumbList\",\"@id\":\"https:\/\/all4sec.es\/blog\/index.php\/2022\/05\/25\/dia-de-internet-sin-internet\/#breadcrumb\",\"itemListElement\":[{\"@type\":\"ListItem\",\"position\":1,\"name\":\"Portada\",\"item\":\"https:\/\/all4sec.es\/blog\/\"},{\"@type\":\"ListItem\",\"position\":2,\"name\":\"D\u00eda de Internet, \u00bfsin Internet?\"}]},{\"@type\":\"WebSite\",\"@id\":\"https:\/\/all4sec.es\/blog\/#website\",\"url\":\"https:\/\/all4sec.es\/blog\/\",\"name\":\"all4sec.es\",\"description\":\"\",\"potentialAction\":[{\"@type\":\"SearchAction\",\"target\":{\"@type\":\"EntryPoint\",\"urlTemplate\":\"https:\/\/all4sec.es\/blog\/?s={search_term_string}\"},\"query-input\":\"required name=search_term_string\"}],\"inLanguage\":\"es\"},{\"@type\":\"Person\",\"@id\":\"https:\/\/all4sec.es\/blog\/#\/schema\/person\/d8839fb727b62b7c4e8598b89fdaafa9\",\"name\":\"Juanjo Galan\",\"image\":{\"@type\":\"ImageObject\",\"inLanguage\":\"es\",\"@id\":\"https:\/\/all4sec.es\/blog\/#\/schema\/person\/image\/\",\"url\":\"https:\/\/secure.gravatar.com\/avatar\/a3f0814447c3b2bad83feb430187bee0?s=96&d=mm&r=g\",\"contentUrl\":\"https:\/\/secure.gravatar.com\/avatar\/a3f0814447c3b2bad83feb430187bee0?s=96&d=mm&r=g\",\"caption\":\"Juanjo Galan\"},\"url\":\"https:\/\/all4sec.es\/blog\/index.php\/author\/juanjo\/\"}]}<\/script>\n<!-- \/ Yoast SEO plugin. -->","yoast_head_json":{"title":"D\u00eda de Internet, \u00bfsin Internet? - all4sec.es","description":"D\u00eda de Internet, \u00bfsin Internet? Imag\u00ednese que esa ma\u00f1ana se levanta de la cama y su conexi\u00f3n a la red no funciona.","robots":{"index":"index","follow":"follow","max-snippet":"max-snippet:-1","max-image-preview":"max-image-preview:large","max-video-preview":"max-video-preview:-1"},"canonical":"https:\/\/all4sec.es\/blog\/index.php\/2022\/05\/25\/dia-de-internet-sin-internet\/","og_locale":"es_ES","og_type":"article","og_title":"D\u00eda de Internet, \u00bfsin Internet? - all4sec.es","og_description":"D\u00eda de Internet, \u00bfsin Internet? Imag\u00ednese que esa ma\u00f1ana se levanta de la cama y su conexi\u00f3n a la red no funciona.","og_url":"https:\/\/all4sec.es\/blog\/index.php\/2022\/05\/25\/dia-de-internet-sin-internet\/","og_site_name":"all4sec.es","article_published_time":"2022-05-25T10:12:53+00:00","article_modified_time":"2022-05-25T10:12:55+00:00","og_image":[{"width":1280,"height":720,"url":"https:\/\/all4sec.es\/blog\/wp-content\/uploads\/2022\/05\/IsI-1-error-gf9d9c2024_1280.jpg","type":"image\/jpeg"}],"author":"Juanjo Galan","twitter_card":"summary_large_image","twitter_misc":{"Escrito por":"Juanjo Galan","Tiempo de lectura":"6 minutos"},"schema":{"@context":"https:\/\/schema.org","@graph":[{"@type":"WebPage","@id":"https:\/\/all4sec.es\/blog\/index.php\/2022\/05\/25\/dia-de-internet-sin-internet\/","url":"https:\/\/all4sec.es\/blog\/index.php\/2022\/05\/25\/dia-de-internet-sin-internet\/","name":"D\u00eda de Internet, \u00bfsin Internet? - all4sec.es","isPartOf":{"@id":"https:\/\/all4sec.es\/blog\/#website"},"primaryImageOfPage":{"@id":"https:\/\/all4sec.es\/blog\/index.php\/2022\/05\/25\/dia-de-internet-sin-internet\/#primaryimage"},"image":{"@id":"https:\/\/all4sec.es\/blog\/index.php\/2022\/05\/25\/dia-de-internet-sin-internet\/#primaryimage"},"thumbnailUrl":"https:\/\/all4sec.es\/blog\/wp-content\/uploads\/2022\/05\/IsI-1-error-gf9d9c2024_1280.jpg","datePublished":"2022-05-25T10:12:53+00:00","dateModified":"2022-05-25T10:12:55+00:00","author":{"@id":"https:\/\/all4sec.es\/blog\/#\/schema\/person\/d8839fb727b62b7c4e8598b89fdaafa9"},"description":"D\u00eda de Internet, \u00bfsin Internet? Imag\u00ednese que esa ma\u00f1ana se levanta de la cama y su conexi\u00f3n a la red no funciona.","breadcrumb":{"@id":"https:\/\/all4sec.es\/blog\/index.php\/2022\/05\/25\/dia-de-internet-sin-internet\/#breadcrumb"},"inLanguage":"es","potentialAction":[{"@type":"ReadAction","target":["https:\/\/all4sec.es\/blog\/index.php\/2022\/05\/25\/dia-de-internet-sin-internet\/"]}]},{"@type":"ImageObject","inLanguage":"es","@id":"https:\/\/all4sec.es\/blog\/index.php\/2022\/05\/25\/dia-de-internet-sin-internet\/#primaryimage","url":"https:\/\/all4sec.es\/blog\/wp-content\/uploads\/2022\/05\/IsI-1-error-gf9d9c2024_1280.jpg","contentUrl":"https:\/\/all4sec.es\/blog\/wp-content\/uploads\/2022\/05\/IsI-1-error-gf9d9c2024_1280.jpg","width":1280,"height":720},{"@type":"BreadcrumbList","@id":"https:\/\/all4sec.es\/blog\/index.php\/2022\/05\/25\/dia-de-internet-sin-internet\/#breadcrumb","itemListElement":[{"@type":"ListItem","position":1,"name":"Portada","item":"https:\/\/all4sec.es\/blog\/"},{"@type":"ListItem","position":2,"name":"D\u00eda de Internet, \u00bfsin Internet?"}]},{"@type":"WebSite","@id":"https:\/\/all4sec.es\/blog\/#website","url":"https:\/\/all4sec.es\/blog\/","name":"all4sec.es","description":"","potentialAction":[{"@type":"SearchAction","target":{"@type":"EntryPoint","urlTemplate":"https:\/\/all4sec.es\/blog\/?s={search_term_string}"},"query-input":"required name=search_term_string"}],"inLanguage":"es"},{"@type":"Person","@id":"https:\/\/all4sec.es\/blog\/#\/schema\/person\/d8839fb727b62b7c4e8598b89fdaafa9","name":"Juanjo Galan","image":{"@type":"ImageObject","inLanguage":"es","@id":"https:\/\/all4sec.es\/blog\/#\/schema\/person\/image\/","url":"https:\/\/secure.gravatar.com\/avatar\/a3f0814447c3b2bad83feb430187bee0?s=96&d=mm&r=g","contentUrl":"https:\/\/secure.gravatar.com\/avatar\/a3f0814447c3b2bad83feb430187bee0?s=96&d=mm&r=g","caption":"Juanjo Galan"},"url":"https:\/\/all4sec.es\/blog\/index.php\/author\/juanjo\/"}]}},"_links":{"self":[{"href":"https:\/\/all4sec.es\/blog\/index.php\/wp-json\/wp\/v2\/posts\/2276"}],"collection":[{"href":"https:\/\/all4sec.es\/blog\/index.php\/wp-json\/wp\/v2\/posts"}],"about":[{"href":"https:\/\/all4sec.es\/blog\/index.php\/wp-json\/wp\/v2\/types\/post"}],"author":[{"embeddable":true,"href":"https:\/\/all4sec.es\/blog\/index.php\/wp-json\/wp\/v2\/users\/3"}],"replies":[{"embeddable":true,"href":"https:\/\/all4sec.es\/blog\/index.php\/wp-json\/wp\/v2\/comments?post=2276"}],"version-history":[{"count":8,"href":"https:\/\/all4sec.es\/blog\/index.php\/wp-json\/wp\/v2\/posts\/2276\/revisions"}],"predecessor-version":[{"id":2291,"href":"https:\/\/all4sec.es\/blog\/index.php\/wp-json\/wp\/v2\/posts\/2276\/revisions\/2291"}],"wp:featuredmedia":[{"embeddable":true,"href":"https:\/\/all4sec.es\/blog\/index.php\/wp-json\/wp\/v2\/media\/2279"}],"wp:attachment":[{"href":"https:\/\/all4sec.es\/blog\/index.php\/wp-json\/wp\/v2\/media?parent=2276"}],"wp:term":[{"taxonomy":"category","embeddable":true,"href":"https:\/\/all4sec.es\/blog\/index.php\/wp-json\/wp\/v2\/categories?post=2276"},{"taxonomy":"post_tag","embeddable":true,"href":"https:\/\/all4sec.es\/blog\/index.php\/wp-json\/wp\/v2\/tags?post=2276"}],"curies":[{"name":"wp","href":"https:\/\/api.w.org\/{rel}","templated":true}]}}