{"id":427,"date":"2018-09-10T12:12:57","date_gmt":"2018-09-10T12:12:57","guid":{"rendered":"http:\/\/www.all4sec.es\/blog\/?p=427"},"modified":"2020-06-25T08:57:36","modified_gmt":"2020-06-25T08:57:36","slug":"ciudadanos-del-e-mundo","status":"publish","type":"post","link":"https:\/\/all4sec.es\/blog\/index.php\/2018\/09\/10\/ciudadanos-del-e-mundo\/","title":{"rendered":"Ciudadanos del \u201ce-mundo\u201d"},"content":{"rendered":"<h3 style=\"text-align: center;\">Ciudadan\u00eda frente a Identidad digital<\/h3>\n<p>La ciudadan\u00eda digital se ha convertido en el nuevo concepto bajo el cual diferentes actores de la sociedad han convergido para poner de manifiesto la necesidad de modernizar sus estructuras geopol\u00edticas. No en vano los cambios tecnol\u00f3gicos\u00a0 llevan asociados el desarrollo de nuevos servicios p\u00fablicos y privados que deben ser adaptados a las futuras necesidades de sus ciudadanos.<\/p>\n<h3>La transformaci\u00f3n digital como palanca del cambio<\/h3>\n<p>Cada vez son m\u00e1s las compa\u00f1\u00edas de consultor\u00eda organizacional y tecnol\u00f3gica que ofrecen sus servicios para que las corporaciones y Administraciones P\u00fablicas aborden el reto que supone imbricar la tecnolog\u00eda en todas y cada una de las actividades diarias que afrontan, evolucionando desde un concepto basado en la modernizaci\u00f3n tecnol\u00f3gica hacia una idea articulada sobre el paradigma de la transformaci\u00f3n digital. Porque seamos claros, <strong>modernizaci\u00f3n no es transformaci\u00f3n<\/strong>.<\/p>\n<p>La modernizaci\u00f3n a menudo lleva consigo el despliegue de soluciones (aplicaciones software o herramientas de fabricaci\u00f3n) dirigidas a mejorar la producci\u00f3n o la calidad de los productos y servicios que ofrecen o generan, pero sin afectar al modo en que son utilizados, evolucionados o producidos. Bajo el paraguas de la transformaci\u00f3n digital, por el contrario, se aglutinan, si cabe, conceptos m\u00e1s sutiles; conceptos que cubren aspectos como la cultura, las relaciones sociales y empresariales, la movilidad, la imagen de marca, los modelos de organizaci\u00f3n p\u00fablica y empresarial o la gesti\u00f3n y explotaci\u00f3n de la informaci\u00f3n. <strong>La transformaci\u00f3n tiene implicaciones m\u00e1s profundas. Un buen ejemplo de ello se encuentra en el role cambiante del ciudadano en la sociedad cuya forma de interrelacionarse o de relacionarse con las estructuras del Estado \u2014entidades administrativas, productivas y sociales\u2014 ha experimentado una evoluci\u00f3n que hace m\u00e1s evidente esa necesidad de transformaci\u00f3n.<\/strong><\/p>\n<h3>Derechos y deberes<\/h3>\n<p>Es en este punto en el que algunos tecn\u00f3logos e investigadores han incidido con mayor inter\u00e9s. De facto, algunos estudios han pugnado por incorporar nuevos conceptos como el de \u201cciudadano digital\u201d que, por cierto, determinados Estados, entre los que destaca Estonia, est\u00e1n adoptando con considerable \u00e9xito.<strong> En un mundo en el que las redes telem\u00e1ticas dominan la escena social, los ciudadanos vienen reclamando nuevas pautas \u2014en forma de derechos y deberes\u2014 que rijan sus acciones en este nuevo ecosistema<\/strong>.<\/p>\n<p>El derecho al acceso a la informaci\u00f3n, a la libertad de expresi\u00f3n, a la educaci\u00f3n, a la intimidad \u2014unido a la obligaci\u00f3n de conocer los dispositivos que utilizan\u2014, a controlar las emociones, a velar por el uso correcto de los medios tecnol\u00f3gicos o a denunciar su uso indebido forman parte de una larga lista de consideraciones a tener en cuenta a la hora de hablar de la ciudadan\u00eda digital. Y en torno a ambos, derechos y obligaciones, aparecen conceptos como la privacidad, la protecci\u00f3n de los datos personales, la accesibilidad o integridad de la informaci\u00f3n que son elementos clave dentro de este nuevo entorno. M\u00e1s a\u00fan, resultan indispensables cuando los Estados utilizan al ciudadano digital como su particular campo de batalla. No en vano y tal y como detallan algunos trabajos, la ciudadan\u00eda digital est\u00e1 definida por algunos elementos entre los que se encuentran el acceso a servicios, el comercio, la comunicaci\u00f3n, la alfabetizaci\u00f3n digital, el etiquetado de datos, la legislaci\u00f3n, los derechos y obligaciones, la salud y, por supuesto, la seguridad.<\/p>\n<h3>La ciberseguridad del ciudadano digital<\/h3>\n<p>Parece pues evidente que <strong>la ciberseguridad es un elemento clave de esta transformaci\u00f3n<\/strong> que ha de formar parte de la estructura digital sobre la que se sustente su construcci\u00f3n (o transformaci\u00f3n, como se prefiera ver). Precisamente la Catedr\u00e1tica de \u00c9tica y Filosof\u00eda Pol\u00edtica de la Universidad de Valencia, <a href=\"https:\/\/elpais.com\/elpais\/2018\/03\/22\/opinion\/1521737007_854105.html\">Do\u00f1a Adela Cortina, lo expone<\/a> de forma muy clara: \u201c<em>El objetivo es construir una ciudadan\u00eda digital de pleno derecho, lo cual exige hacer frente a retos como la ciberseguridad, la protecci\u00f3n de datos personales, la privacidad de los usuarios, la accesibilidad, la propiedad y la gesti\u00f3n de los datos o la mejora de las capacidades digitales\u201d.<\/em><\/p>\n<p>La Uni\u00f3n Europea ya ha comenzado a moverse en esa l\u00ednea con el reciente Reglamento de Protecci\u00f3n de Datos Personales (GDPR) o con la nueva Directiva NIS para la seguridad de redes y sistemas cr\u00edticos \u2014recientemente transpuesta por el gobierno espa\u00f1ol. Dos pasos fundamentales para la consolidaci\u00f3n del resto de los elementos que conforman el modelo transformacional y que incluyen las relaciones con la Administraci\u00f3n P\u00fablica, entidades financieras, empresas, ciudadanos, etc.<\/p>\n<h3>Tecnolog\u00eda como elemento de confusi\u00f3n<\/h3>\n<p>Por su parte, las compa\u00f1\u00edas de tecnolog\u00eda y los investigadores se han lanzado a proveer nuevas soluciones apalancadas en conceptos como el IoT, el Big Data, la Inteligencia Artificial, los servicios en cloud, o el blockchain que han encontrado en la transformaci\u00f3n digital su mejor campo de validaci\u00f3n. Se trata de tecnolog\u00edas que han abierto una nueva forma de percibir la realidad digital del ciudadano donde a menudo se ha confundido la identidad digital con la ciudadan\u00eda digital por el simple hecho de tener un elemento de referencia en Internet \u2014y si no pi\u00e9nsese en c\u00f3mo los usuarios ven sus relaciones en Facebook, Instagram o Twitter. <strong>La identidad digital no representa m\u00e1s que una forma de hacerse presente en el entorno digital. Sin embargo, la ciudadan\u00eda digital es mucho m\u00e1s que eso, es una forma de acceder a la sociedad digital al mismo nivel que cualquiera acceder\u00eda en su actividad cotidiana \u2014y aqu\u00ed cometeremos el error de considerar que el acceso digital no es (mejor dicho, no ha sido) una actividad cotidiana.<\/strong> De hecho, Las AAPP, las entidades financieras o incluso las propias empresas todav\u00eda no han conseguido hacer de ese acceso digital una verdadera acci\u00f3n cotidiana.<\/p>\n<p>Mientras tanto, las compa\u00f1\u00edas de consultor\u00eda en ciberseguridad deberemos seguir esforz\u00e1ndonos por reforzar nuestros conocimientos e impulsar el despliegue de estas nuevas tecnolog\u00edas para contribuir a garantizar que esos derechos y obligaciones se conviertan en una realidad. Porque llegar\u00e1 un momento en el que la \u201c<em>comoditizaci\u00f3n<\/em>\u201d de las soluciones actuales de ciberseguridad \u2014representadas por aproximaciones tecnol\u00f3gicas que fueron concebidas hace m\u00e1s de veinte a\u00f1os\u2014 dar\u00e1n paso a la verdadera ciberseguridad enfocada en el ciudadano, el ciudadano digital. Y ah\u00ed comenzaremos a hablar de otra forma&#8230;<\/p>\n<p><a href=\"#_ftnref1\" name=\"_ftn1\"><\/a><\/p>\n","protected":false},"excerpt":{"rendered":"<p>Ciudadan\u00eda frente a Identidad digital La ciudadan\u00eda digital se ha convertido en el nuevo concepto bajo el cual diferentes actores de la sociedad han convergido para poner de manifiesto la necesidad de modernizar sus estructuras geopol\u00edticas. No en vano los cambios tecnol\u00f3gicos\u00a0 llevan asociados el desarrollo de nuevos servicios p\u00fablicos y privados que deben ser&hellip;<\/p>\n","protected":false},"author":3,"featured_media":430,"comment_status":"closed","ping_status":"open","sticky":false,"template":"","format":"standard","meta":[],"categories":[2,13],"tags":[],"yoast_head":"<!-- This site is optimized with the Yoast SEO plugin v22.8 - https:\/\/yoast.com\/wordpress\/plugins\/seo\/ -->\n<title>Ciudadanos del \u201ce-mundo\u201d - all4sec.es<\/title>\n<meta name=\"description\" content=\"La ciudadan\u00eda digital tiene implicaciones en las relaciones con otros ciudadanos o con la Administraci\u00f3n P\u00fablica. La identidad digital es un paso previo.\" \/>\n<meta name=\"robots\" content=\"index, follow, max-snippet:-1, max-image-preview:large, max-video-preview:-1\" \/>\n<link rel=\"canonical\" href=\"https:\/\/all4sec.es\/blog\/index.php\/2018\/09\/10\/ciudadanos-del-e-mundo\/\" \/>\n<meta property=\"og:locale\" content=\"es_ES\" \/>\n<meta property=\"og:type\" content=\"article\" \/>\n<meta property=\"og:title\" content=\"Ciudadanos del \u201ce-mundo\u201d - all4sec.es\" \/>\n<meta property=\"og:description\" content=\"La ciudadan\u00eda digital tiene implicaciones en las relaciones con otros ciudadanos o con la Administraci\u00f3n P\u00fablica. La identidad digital es un paso previo.\" \/>\n<meta property=\"og:url\" content=\"https:\/\/all4sec.es\/blog\/index.php\/2018\/09\/10\/ciudadanos-del-e-mundo\/\" \/>\n<meta property=\"og:site_name\" content=\"all4sec.es\" \/>\n<meta property=\"article:published_time\" content=\"2018-09-10T12:12:57+00:00\" \/>\n<meta property=\"article:modified_time\" content=\"2020-06-25T08:57:36+00:00\" \/>\n<meta property=\"og:image\" content=\"https:\/\/all4sec.es\/blog\/wp-content\/uploads\/2019\/05\/ciudad-seguridad.jpg\" \/>\n\t<meta property=\"og:image:width\" content=\"1920\" \/>\n\t<meta property=\"og:image:height\" content=\"1280\" \/>\n\t<meta property=\"og:image:type\" content=\"image\/jpeg\" \/>\n<meta name=\"author\" content=\"Juanjo Galan\" \/>\n<meta name=\"twitter:card\" content=\"summary_large_image\" \/>\n<meta name=\"twitter:label1\" content=\"Escrito por\" \/>\n\t<meta name=\"twitter:data1\" content=\"Juanjo Galan\" \/>\n\t<meta name=\"twitter:label2\" content=\"Tiempo de lectura\" \/>\n\t<meta name=\"twitter:data2\" content=\"5 minutos\" \/>\n<script type=\"application\/ld+json\" class=\"yoast-schema-graph\">{\"@context\":\"https:\/\/schema.org\",\"@graph\":[{\"@type\":\"WebPage\",\"@id\":\"https:\/\/all4sec.es\/blog\/index.php\/2018\/09\/10\/ciudadanos-del-e-mundo\/\",\"url\":\"https:\/\/all4sec.es\/blog\/index.php\/2018\/09\/10\/ciudadanos-del-e-mundo\/\",\"name\":\"Ciudadanos del \u201ce-mundo\u201d - all4sec.es\",\"isPartOf\":{\"@id\":\"https:\/\/all4sec.es\/blog\/#website\"},\"primaryImageOfPage\":{\"@id\":\"https:\/\/all4sec.es\/blog\/index.php\/2018\/09\/10\/ciudadanos-del-e-mundo\/#primaryimage\"},\"image\":{\"@id\":\"https:\/\/all4sec.es\/blog\/index.php\/2018\/09\/10\/ciudadanos-del-e-mundo\/#primaryimage\"},\"thumbnailUrl\":\"https:\/\/all4sec.es\/blog\/wp-content\/uploads\/2019\/05\/ciudad-seguridad.jpg\",\"datePublished\":\"2018-09-10T12:12:57+00:00\",\"dateModified\":\"2020-06-25T08:57:36+00:00\",\"author\":{\"@id\":\"https:\/\/all4sec.es\/blog\/#\/schema\/person\/d8839fb727b62b7c4e8598b89fdaafa9\"},\"description\":\"La ciudadan\u00eda digital tiene implicaciones en las relaciones con otros ciudadanos o con la Administraci\u00f3n P\u00fablica. La identidad digital es un paso previo.\",\"breadcrumb\":{\"@id\":\"https:\/\/all4sec.es\/blog\/index.php\/2018\/09\/10\/ciudadanos-del-e-mundo\/#breadcrumb\"},\"inLanguage\":\"es\",\"potentialAction\":[{\"@type\":\"ReadAction\",\"target\":[\"https:\/\/all4sec.es\/blog\/index.php\/2018\/09\/10\/ciudadanos-del-e-mundo\/\"]}]},{\"@type\":\"ImageObject\",\"inLanguage\":\"es\",\"@id\":\"https:\/\/all4sec.es\/blog\/index.php\/2018\/09\/10\/ciudadanos-del-e-mundo\/#primaryimage\",\"url\":\"https:\/\/all4sec.es\/blog\/wp-content\/uploads\/2019\/05\/ciudad-seguridad.jpg\",\"contentUrl\":\"https:\/\/all4sec.es\/blog\/wp-content\/uploads\/2019\/05\/ciudad-seguridad.jpg\",\"width\":1920,\"height\":1280},{\"@type\":\"BreadcrumbList\",\"@id\":\"https:\/\/all4sec.es\/blog\/index.php\/2018\/09\/10\/ciudadanos-del-e-mundo\/#breadcrumb\",\"itemListElement\":[{\"@type\":\"ListItem\",\"position\":1,\"name\":\"Portada\",\"item\":\"https:\/\/all4sec.es\/blog\/\"},{\"@type\":\"ListItem\",\"position\":2,\"name\":\"Ciudadanos del \u201ce-mundo\u201d\"}]},{\"@type\":\"WebSite\",\"@id\":\"https:\/\/all4sec.es\/blog\/#website\",\"url\":\"https:\/\/all4sec.es\/blog\/\",\"name\":\"all4sec.es\",\"description\":\"\",\"potentialAction\":[{\"@type\":\"SearchAction\",\"target\":{\"@type\":\"EntryPoint\",\"urlTemplate\":\"https:\/\/all4sec.es\/blog\/?s={search_term_string}\"},\"query-input\":\"required name=search_term_string\"}],\"inLanguage\":\"es\"},{\"@type\":\"Person\",\"@id\":\"https:\/\/all4sec.es\/blog\/#\/schema\/person\/d8839fb727b62b7c4e8598b89fdaafa9\",\"name\":\"Juanjo Galan\",\"image\":{\"@type\":\"ImageObject\",\"inLanguage\":\"es\",\"@id\":\"https:\/\/all4sec.es\/blog\/#\/schema\/person\/image\/\",\"url\":\"https:\/\/secure.gravatar.com\/avatar\/a3f0814447c3b2bad83feb430187bee0?s=96&d=mm&r=g\",\"contentUrl\":\"https:\/\/secure.gravatar.com\/avatar\/a3f0814447c3b2bad83feb430187bee0?s=96&d=mm&r=g\",\"caption\":\"Juanjo Galan\"},\"url\":\"https:\/\/all4sec.es\/blog\/index.php\/author\/juanjo\/\"}]}<\/script>\n<!-- \/ Yoast SEO plugin. -->","yoast_head_json":{"title":"Ciudadanos del \u201ce-mundo\u201d - all4sec.es","description":"La ciudadan\u00eda digital tiene implicaciones en las relaciones con otros ciudadanos o con la Administraci\u00f3n P\u00fablica. La identidad digital es un paso previo.","robots":{"index":"index","follow":"follow","max-snippet":"max-snippet:-1","max-image-preview":"max-image-preview:large","max-video-preview":"max-video-preview:-1"},"canonical":"https:\/\/all4sec.es\/blog\/index.php\/2018\/09\/10\/ciudadanos-del-e-mundo\/","og_locale":"es_ES","og_type":"article","og_title":"Ciudadanos del \u201ce-mundo\u201d - all4sec.es","og_description":"La ciudadan\u00eda digital tiene implicaciones en las relaciones con otros ciudadanos o con la Administraci\u00f3n P\u00fablica. La identidad digital es un paso previo.","og_url":"https:\/\/all4sec.es\/blog\/index.php\/2018\/09\/10\/ciudadanos-del-e-mundo\/","og_site_name":"all4sec.es","article_published_time":"2018-09-10T12:12:57+00:00","article_modified_time":"2020-06-25T08:57:36+00:00","og_image":[{"width":1920,"height":1280,"url":"https:\/\/all4sec.es\/blog\/wp-content\/uploads\/2019\/05\/ciudad-seguridad.jpg","type":"image\/jpeg"}],"author":"Juanjo Galan","twitter_card":"summary_large_image","twitter_misc":{"Escrito por":"Juanjo Galan","Tiempo de lectura":"5 minutos"},"schema":{"@context":"https:\/\/schema.org","@graph":[{"@type":"WebPage","@id":"https:\/\/all4sec.es\/blog\/index.php\/2018\/09\/10\/ciudadanos-del-e-mundo\/","url":"https:\/\/all4sec.es\/blog\/index.php\/2018\/09\/10\/ciudadanos-del-e-mundo\/","name":"Ciudadanos del \u201ce-mundo\u201d - all4sec.es","isPartOf":{"@id":"https:\/\/all4sec.es\/blog\/#website"},"primaryImageOfPage":{"@id":"https:\/\/all4sec.es\/blog\/index.php\/2018\/09\/10\/ciudadanos-del-e-mundo\/#primaryimage"},"image":{"@id":"https:\/\/all4sec.es\/blog\/index.php\/2018\/09\/10\/ciudadanos-del-e-mundo\/#primaryimage"},"thumbnailUrl":"https:\/\/all4sec.es\/blog\/wp-content\/uploads\/2019\/05\/ciudad-seguridad.jpg","datePublished":"2018-09-10T12:12:57+00:00","dateModified":"2020-06-25T08:57:36+00:00","author":{"@id":"https:\/\/all4sec.es\/blog\/#\/schema\/person\/d8839fb727b62b7c4e8598b89fdaafa9"},"description":"La ciudadan\u00eda digital tiene implicaciones en las relaciones con otros ciudadanos o con la Administraci\u00f3n P\u00fablica. La identidad digital es un paso previo.","breadcrumb":{"@id":"https:\/\/all4sec.es\/blog\/index.php\/2018\/09\/10\/ciudadanos-del-e-mundo\/#breadcrumb"},"inLanguage":"es","potentialAction":[{"@type":"ReadAction","target":["https:\/\/all4sec.es\/blog\/index.php\/2018\/09\/10\/ciudadanos-del-e-mundo\/"]}]},{"@type":"ImageObject","inLanguage":"es","@id":"https:\/\/all4sec.es\/blog\/index.php\/2018\/09\/10\/ciudadanos-del-e-mundo\/#primaryimage","url":"https:\/\/all4sec.es\/blog\/wp-content\/uploads\/2019\/05\/ciudad-seguridad.jpg","contentUrl":"https:\/\/all4sec.es\/blog\/wp-content\/uploads\/2019\/05\/ciudad-seguridad.jpg","width":1920,"height":1280},{"@type":"BreadcrumbList","@id":"https:\/\/all4sec.es\/blog\/index.php\/2018\/09\/10\/ciudadanos-del-e-mundo\/#breadcrumb","itemListElement":[{"@type":"ListItem","position":1,"name":"Portada","item":"https:\/\/all4sec.es\/blog\/"},{"@type":"ListItem","position":2,"name":"Ciudadanos del \u201ce-mundo\u201d"}]},{"@type":"WebSite","@id":"https:\/\/all4sec.es\/blog\/#website","url":"https:\/\/all4sec.es\/blog\/","name":"all4sec.es","description":"","potentialAction":[{"@type":"SearchAction","target":{"@type":"EntryPoint","urlTemplate":"https:\/\/all4sec.es\/blog\/?s={search_term_string}"},"query-input":"required name=search_term_string"}],"inLanguage":"es"},{"@type":"Person","@id":"https:\/\/all4sec.es\/blog\/#\/schema\/person\/d8839fb727b62b7c4e8598b89fdaafa9","name":"Juanjo Galan","image":{"@type":"ImageObject","inLanguage":"es","@id":"https:\/\/all4sec.es\/blog\/#\/schema\/person\/image\/","url":"https:\/\/secure.gravatar.com\/avatar\/a3f0814447c3b2bad83feb430187bee0?s=96&d=mm&r=g","contentUrl":"https:\/\/secure.gravatar.com\/avatar\/a3f0814447c3b2bad83feb430187bee0?s=96&d=mm&r=g","caption":"Juanjo Galan"},"url":"https:\/\/all4sec.es\/blog\/index.php\/author\/juanjo\/"}]}},"_links":{"self":[{"href":"https:\/\/all4sec.es\/blog\/index.php\/wp-json\/wp\/v2\/posts\/427"}],"collection":[{"href":"https:\/\/all4sec.es\/blog\/index.php\/wp-json\/wp\/v2\/posts"}],"about":[{"href":"https:\/\/all4sec.es\/blog\/index.php\/wp-json\/wp\/v2\/types\/post"}],"author":[{"embeddable":true,"href":"https:\/\/all4sec.es\/blog\/index.php\/wp-json\/wp\/v2\/users\/3"}],"replies":[{"embeddable":true,"href":"https:\/\/all4sec.es\/blog\/index.php\/wp-json\/wp\/v2\/comments?post=427"}],"version-history":[{"count":19,"href":"https:\/\/all4sec.es\/blog\/index.php\/wp-json\/wp\/v2\/posts\/427\/revisions"}],"predecessor-version":[{"id":738,"href":"https:\/\/all4sec.es\/blog\/index.php\/wp-json\/wp\/v2\/posts\/427\/revisions\/738"}],"wp:featuredmedia":[{"embeddable":true,"href":"https:\/\/all4sec.es\/blog\/index.php\/wp-json\/wp\/v2\/media\/430"}],"wp:attachment":[{"href":"https:\/\/all4sec.es\/blog\/index.php\/wp-json\/wp\/v2\/media?parent=427"}],"wp:term":[{"taxonomy":"category","embeddable":true,"href":"https:\/\/all4sec.es\/blog\/index.php\/wp-json\/wp\/v2\/categories?post=427"},{"taxonomy":"post_tag","embeddable":true,"href":"https:\/\/all4sec.es\/blog\/index.php\/wp-json\/wp\/v2\/tags?post=427"}],"curies":[{"name":"wp","href":"https:\/\/api.w.org\/{rel}","templated":true}]}}