{"id":459,"date":"2018-12-22T12:25:29","date_gmt":"2018-12-22T12:25:29","guid":{"rendered":"http:\/\/www.all4sec.es\/blog\/?p=459"},"modified":"2020-06-25T08:57:36","modified_gmt":"2020-06-25T08:57:36","slug":"ciberseguridad-debates-representativos-del-2018","status":"publish","type":"post","link":"https:\/\/all4sec.es\/blog\/index.php\/2018\/12\/22\/ciberseguridad-debates-representativos-del-2018\/","title":{"rendered":"Ciberseguridad: Debates representativos del 2018"},"content":{"rendered":"<p>Cuando finaliza un a\u00f1o es habitual que muchos hagamos balance pensando en t\u00e9rminos personales o incluso profesionales. Nadie escapa al reto, aunque sea por un instante, de analizar los principales hechos y acontecimientos que han marcado su vida \u2014o al menos han despertado su inter\u00e9s\u2014 a lo largo de los \u00faltimos 365 d\u00edas.<\/p>\n<p>En All4Sec no somos ajenos a esta tentaci\u00f3n. Precisamente, durante todo el a\u00f1o \u2014d\u00eda a d\u00eda\u2014 nos hemos ido haciendo eco, a trav\u00e9s de las redes sociales, de aquellos acontecimientos relacionados con la ciberseguridad que han transcendido a la sociedad. Hoy nos resultar\u00eda relativamente sencillo hacer una cronolog\u00eda de todas esas noticias y plantear un \u00edndice de lo que habr\u00eda sido nuestro \u201clibro de bit\u00e1cora de los \u00faltimos doce meses\u201d. Pero no es eso lo que pretendemos proponer.<\/p>\n<p>Sin \u00e1nimo de ser demasiado imaginativos, y por salirnos de ese an\u00e1lisis, nos hemos plantado la siguiente pregunta: \u00bfCu\u00e1les son los debates m\u00e1s representativos por cuestiones relacionadas con la ciberseguridad en 2018? \u00bfQu\u00e9 o qui\u00e9nes simbolizan mejor las amenazas durante el \u00faltimo a\u00f1o por cuestiones tecnol\u00f3gicas, regulatorias o empresariales relacionadas con la ciberseguridad?<\/p>\n<p>Para cualquiera que pretendiera dar respuesta a estas cuestiones la lista de candidatos ser\u00eda extensa, con casos representativos de todos los segmentos \u2014incluyendo a los propios usuarios\u2014 y sectores del mercado.<\/p>\n<p>Nosotros hemos hecho nuestra peque\u00f1a selecci\u00f3n, aunque hemos tratado de centrarnos en protagonistas meramente del entorno tecnol\u00f3gico. A continuaci\u00f3n, y por distintos motivos, proponemos aquellas candidaturas que consideramos singulares y que incluyen casos relacionados con el robo de datos, cambios de paradigmas, vulnerabilidades del software, proliferaci\u00f3n de <em>fake news<\/em> o reticencias empresariales a realizar inversiones en ciberseguridad. Veamos un peque\u00f1o detalle de esos casos.<\/p>\n<ul>\n<li><strong>Facebook<\/strong>. De \u201c<em>annus horribilis<\/em>\u201d podr\u00edamos calificar lo que ha ocurrido en Facebook durante este a\u00f1o. Su trayectoria ha estado salpicada de numerosos incidentes de ciberseguridad. Aquellas promesas que Mark Zuckerberg se hizo a s\u00ed mismo en enero sobre \u201cproteger a su comunidad de usuarios frente abuso o injerencia de terceros\u201d se ha revelado como un bumerang que le golpe\u00f3 frontalmente cuando en marzo se hizo p\u00fablico la filtraci\u00f3n, a trav\u00e9s de Cambridge Analytica, de datos de m\u00e1s de 50 millones de personas para su explotaci\u00f3n con fines pol\u00edticos. A partir de entonces, todo han sido problemas para la compa\u00f1\u00eda presidida por Zuckerberg con renuncias de algunos de sus m\u00e1s reconocidos socios como Jan Koum, Kevin Systrom o Mike Krieger fundadores de WhatsApp o Instagram, seguidas de nuevas revelaciones sobre vulnerabilidades de su plataforma, filtraciones datos personales o uso il\u00edcito de sus redes sociales para divulgar noticias de dudosa credibilidad. Mientras tanto, Zuckerberg ha tratado de capear el temporal reuni\u00e9ndose con numerosos gobiernos mundiales para presentar, por una parte, sus disculpas y, por otra, los detalles de las medidas que ir\u00eda a adoptar para corregir los fallos cometidos. Sin embargo, por el momento, todo ha parecido ser en vano. Sus acciones est\u00e1n acabando el a\u00f1o con una ca\u00edda superior al 20% y con la espada de Damocles de una posible sanci\u00f3n europea aplicando la nueva reglamentaci\u00f3n de protecci\u00f3n de datos (GDPR) que podr\u00edan suponer a la compa\u00f1\u00eda un desembolso de m\u00e1s de 1.600 millones de euros.<\/li>\n<li><strong>El bitcoin<\/strong>. Las criptomonedas aparec\u00edan en 2018 dentro de todas las quinielas para convertirse en el foco de atenci\u00f3n de los analistas. El crecimiento que hab\u00edan experimentado durante el a\u00f1o anterior las convert\u00eda en objetivos de an\u00e1lisis financieros y hac\u00eda de ellas preciados objetos de deseo. Sin embargo, los Estados comenzaron a preocuparse por su proliferaci\u00f3n y uso. Los \u201cmineros\u201d vieron en ellas un nuevo modelo de negocio sin pensar en las necesidades de recursos \u2014sobre todo el\u00e9ctricos\u2014 para su obtenci\u00f3n. Y el mundo de la delincuencia descubri\u00f3 un nuevo modelo de blanqueo de capitales. Sea cual fuere el motivo o la intenci\u00f3n de los diferentes actores por participar en ese mercado, el resultado fue que las criptomonedas se han resentido y han mostrado en 2018 la peor cara de su conocida volatilidad. En algunos casos se produjeron ca\u00eddas de m\u00e1s del 80% respecto a los valores acumulados a principios de a\u00f1o. Hay quien afirma que en 2018 se ha producido una correcci\u00f3n propia de un nuevo modelo transaccional que a\u00fan tiene que consolidarse, aunque opiniones hay de todos los signos. Lo que parece cierto, pese a todo, es que durante este a\u00f1o que acaba, las ofertas iniciales de nuevas criptomonedas (ICO) ha resultado mayoritariamente ser un fiasco. Algunos incluso hablan de que el 80% de esas ICO han sido fraudulentas. Otros abogan por un nuevo resurgir en 2019 pese a las dificultades. Precisamente, estos \u00faltimos han venido a calificarlas como la <em>econom\u00eda de los protocolos descentralizados<\/em> y la nueva <em>Internet del Valor<\/em>. Los n\u00fameros decrecientes de las criptodivisas, por el momento, est\u00e1n ah\u00ed.<\/li>\n<li><strong>Google+<\/strong>. En 2018 la historia de Google Plus llega a su fin. Los que recuerden el origen de este servicio del gigante tecnol\u00f3gico se acordar\u00e1n de que surgi\u00f3 hace 7 a\u00f1os para competir con redes sociales como Facebook que aglutinaban millones de usuarios. Aunque al principio sus \u00e9xitos fueron relevante, pronto mostr\u00f3 serias debilidades que lo hac\u00edan poco atractivo para los usuarios. Despu\u00e9s vinieron los problemas de seguridad y los da\u00f1os a la imagen. Precisamente en octubre de este a\u00f1o, Google hizo p\u00fablica una noticia sobre la exposici\u00f3n de datos personales de cientos de miles de personas que hab\u00edan hecho uso de la plataforma entre 2015 y 2018 y que supuso un duro golpe para el gigante tecnol\u00f3gico. Las explicaciones fueron escasas \u2014cuando no difusas\u2014 con auditor\u00edas internas que evidenciaron un <em>error en su API<\/em> que permit\u00eda a las aplicaciones de terceros acceder a los campos del perfil que se compart\u00eda con el usuario, pero que no estaban marcados como p\u00fablicos. Google se lanz\u00f3 entonces a corregir el error y a aclarar que no se hab\u00edan encontrado evidencias de mal uso de los datos. Sin embargo, simult\u00e1neamente, anunci\u00f3 que la red social cerrar\u00eda en agosto de 2019; algo que son\u00f3 realmente extra\u00f1o. Precisamente hace unos d\u00edas, la compa\u00f1\u00eda acaba de anunciar que dicho cierre se adelanta tres meses \u2014a abril de 2019\u2014 tras descubrir que el error afectaba ya a 52,5 millones de usuarios. \u00a0La vida de Google+ parece pues que ha acabado y la pregunta que nos hacemos es la siguiente: \u00bflos errores de software pueden provocar estas decisiones?<\/li>\n<li><strong>Super Micro<\/strong>. Un art\u00edculo de Bloomberg el pasado mes de octubre levantaba todas las alarmas en el mercado de los fabricantes de hardware tecnol\u00f3gico: <em>esp\u00edas chinos hab\u00edan podido instalar microchips en las placas base del fabricante norteamericano Super Micro Computer Inc<\/em>. El hecho fue de enorme relevancia ya que numerosos equipos utilizados para servicios en la nube podr\u00edan haberse visto afectados. La noticia tuvo visos de verosimilitud gracias a las sospechas cada vez m\u00e1s extendidas sobre las actividades de ciberespionaje que ciertos fabricantes chinos y rusos podr\u00edan estar realizando a intereses del gobierno norteamericano. Entre los clientes de Super Micro se encontraban compa\u00f1\u00edas como Amazon y Apple que de inmediato se lanzaron a declarar que no exist\u00edan evidencias de dicho hackeo en los equipos que ellos hab\u00edan adquirido. En la misma l\u00ednea, y apenas dos meses despu\u00e9s del referido art\u00edculo, el fabricante anunci\u00f3 que sus investigaciones mostraban que no exist\u00eda dicho hackeo. Una nueva informaci\u00f3n que abri\u00f3 un interesante debate: \u00bfse ha trasladado el problema al dominio de la opini\u00f3n p\u00fablica que ahora debe decidir entre creer a unos frente al otro? A alguno esta pregunta le sonar\u00e1 a efecto \u201c<em>fake news\u201d<\/em>. Sea cual sea la respuesta correcta, y mientras tanto, las acciones del fabricante permanecen un 30% por debajo del valor que ten\u00edan el d\u00eda que apareci\u00f3 publicado el art\u00edculo.<\/li>\n<li><strong>Inversiones en ciberseguridad<\/strong>. Para terminar, una peque\u00f1a reflexi\u00f3n antes de acabar el a\u00f1o. Los estudios de analistas indican un crecimiento sostenido del 10% en los pr\u00f3ximos a\u00f1os en las inversiones de ciberseguridad hasta alcanzar los 134.000 millones de euros en 2022. Sin embargo, la coyuntura actual habla de una realidad paralela, sobre todo en el segmento de las peque\u00f1as y medianas empresas que seg\u00fan las principales asociaciones empresariales espa\u00f1olas han sufrido en m\u00e1s de un 50% de los casos, al menos alg\u00fan ataque durante 2018. Siempre se ha dicho que las medidas de ciberseguridad solo son valoradas cuando se produce un incidente que obliga a ponerlas a prueba. Seguro que no somos los \u00fanicos que nos hemos encontrado con expresiones de ciertos directivos de este tipo de compa\u00f1\u00edas que, aprovechando la situaci\u00f3n y frente a sus responsables internos de ciberseguridad, han brindado frases como \u201c<em>si con una inversi\u00f3n relativamente peque\u00f1a nos podr\u00edamos haber evitado el problema de seguridad que nos ha surgido ahora, \u00bfpor qu\u00e9 no lo hemos hecho?<\/em>\u201d. Las respuestas parecen evidentes y el mercado deber\u00eda saber c\u00f3mo contestar a esta cuesti\u00f3n, porque al final todo es el resultado de una planificaci\u00f3n adecuada, y con inversiones, de las medidas de protecci\u00f3n. Nosotros, por el momento, dejamos al lector que aporte su propia respuesta.<\/li>\n<\/ul>\n<p>Feliz 2019.<\/p>\n","protected":false},"excerpt":{"rendered":"<p>Cuando finaliza un a\u00f1o es habitual que muchos hagamos balance pensando en t\u00e9rminos personales o incluso profesionales. Nadie escapa al reto, aunque sea por un instante, de analizar los principales hechos y acontecimientos que han marcado su vida \u2014o al menos han despertado su inter\u00e9s\u2014 a lo largo de los \u00faltimos 365 d\u00edas. En All4Sec&hellip;<\/p>\n","protected":false},"author":3,"featured_media":460,"comment_status":"closed","ping_status":"open","sticky":false,"template":"","format":"standard","meta":[],"categories":[2,4],"tags":[],"yoast_head":"<!-- This site is optimized with the Yoast SEO plugin v22.8 - https:\/\/yoast.com\/wordpress\/plugins\/seo\/ -->\n<title>Ciberseguridad: Debates representativos del 2018 - all4sec.es<\/title>\n<meta name=\"robots\" content=\"index, follow, max-snippet:-1, max-image-preview:large, max-video-preview:-1\" \/>\n<link rel=\"canonical\" href=\"https:\/\/all4sec.es\/blog\/index.php\/2018\/12\/22\/ciberseguridad-debates-representativos-del-2018\/\" \/>\n<meta property=\"og:locale\" content=\"es_ES\" \/>\n<meta property=\"og:type\" content=\"article\" \/>\n<meta property=\"og:title\" content=\"Ciberseguridad: Debates representativos del 2018 - all4sec.es\" \/>\n<meta property=\"og:description\" content=\"Cuando finaliza un a\u00f1o es habitual que muchos hagamos balance pensando en t\u00e9rminos personales o incluso profesionales. Nadie escapa al reto, aunque sea por un instante, de analizar los principales hechos y acontecimientos que han marcado su vida \u2014o al menos han despertado su inter\u00e9s\u2014 a lo largo de los \u00faltimos 365 d\u00edas. En All4Sec&hellip;\" \/>\n<meta property=\"og:url\" content=\"https:\/\/all4sec.es\/blog\/index.php\/2018\/12\/22\/ciberseguridad-debates-representativos-del-2018\/\" \/>\n<meta property=\"og:site_name\" content=\"all4sec.es\" \/>\n<meta property=\"article:published_time\" content=\"2018-12-22T12:25:29+00:00\" \/>\n<meta property=\"article:modified_time\" content=\"2020-06-25T08:57:36+00:00\" \/>\n<meta property=\"og:image\" content=\"https:\/\/all4sec.es\/blog\/wp-content\/uploads\/2019\/05\/debate.png\" \/>\n\t<meta property=\"og:image:width\" content=\"1920\" \/>\n\t<meta property=\"og:image:height\" content=\"1280\" \/>\n\t<meta property=\"og:image:type\" content=\"image\/png\" \/>\n<meta name=\"author\" content=\"Juanjo Galan\" \/>\n<meta name=\"twitter:card\" content=\"summary_large_image\" \/>\n<meta name=\"twitter:label1\" content=\"Escrito por\" \/>\n\t<meta name=\"twitter:data1\" content=\"Juanjo Galan\" \/>\n\t<meta name=\"twitter:label2\" content=\"Tiempo de lectura\" \/>\n\t<meta name=\"twitter:data2\" content=\"8 minutos\" \/>\n<script type=\"application\/ld+json\" class=\"yoast-schema-graph\">{\"@context\":\"https:\/\/schema.org\",\"@graph\":[{\"@type\":\"WebPage\",\"@id\":\"https:\/\/all4sec.es\/blog\/index.php\/2018\/12\/22\/ciberseguridad-debates-representativos-del-2018\/\",\"url\":\"https:\/\/all4sec.es\/blog\/index.php\/2018\/12\/22\/ciberseguridad-debates-representativos-del-2018\/\",\"name\":\"Ciberseguridad: Debates representativos del 2018 - all4sec.es\",\"isPartOf\":{\"@id\":\"https:\/\/all4sec.es\/blog\/#website\"},\"primaryImageOfPage\":{\"@id\":\"https:\/\/all4sec.es\/blog\/index.php\/2018\/12\/22\/ciberseguridad-debates-representativos-del-2018\/#primaryimage\"},\"image\":{\"@id\":\"https:\/\/all4sec.es\/blog\/index.php\/2018\/12\/22\/ciberseguridad-debates-representativos-del-2018\/#primaryimage\"},\"thumbnailUrl\":\"https:\/\/all4sec.es\/blog\/wp-content\/uploads\/2019\/05\/debate.png\",\"datePublished\":\"2018-12-22T12:25:29+00:00\",\"dateModified\":\"2020-06-25T08:57:36+00:00\",\"author\":{\"@id\":\"https:\/\/all4sec.es\/blog\/#\/schema\/person\/d8839fb727b62b7c4e8598b89fdaafa9\"},\"breadcrumb\":{\"@id\":\"https:\/\/all4sec.es\/blog\/index.php\/2018\/12\/22\/ciberseguridad-debates-representativos-del-2018\/#breadcrumb\"},\"inLanguage\":\"es\",\"potentialAction\":[{\"@type\":\"ReadAction\",\"target\":[\"https:\/\/all4sec.es\/blog\/index.php\/2018\/12\/22\/ciberseguridad-debates-representativos-del-2018\/\"]}]},{\"@type\":\"ImageObject\",\"inLanguage\":\"es\",\"@id\":\"https:\/\/all4sec.es\/blog\/index.php\/2018\/12\/22\/ciberseguridad-debates-representativos-del-2018\/#primaryimage\",\"url\":\"https:\/\/all4sec.es\/blog\/wp-content\/uploads\/2019\/05\/debate.png\",\"contentUrl\":\"https:\/\/all4sec.es\/blog\/wp-content\/uploads\/2019\/05\/debate.png\",\"width\":1920,\"height\":1280},{\"@type\":\"BreadcrumbList\",\"@id\":\"https:\/\/all4sec.es\/blog\/index.php\/2018\/12\/22\/ciberseguridad-debates-representativos-del-2018\/#breadcrumb\",\"itemListElement\":[{\"@type\":\"ListItem\",\"position\":1,\"name\":\"Portada\",\"item\":\"https:\/\/all4sec.es\/blog\/\"},{\"@type\":\"ListItem\",\"position\":2,\"name\":\"Ciberseguridad: Debates representativos del 2018\"}]},{\"@type\":\"WebSite\",\"@id\":\"https:\/\/all4sec.es\/blog\/#website\",\"url\":\"https:\/\/all4sec.es\/blog\/\",\"name\":\"all4sec.es\",\"description\":\"\",\"potentialAction\":[{\"@type\":\"SearchAction\",\"target\":{\"@type\":\"EntryPoint\",\"urlTemplate\":\"https:\/\/all4sec.es\/blog\/?s={search_term_string}\"},\"query-input\":\"required name=search_term_string\"}],\"inLanguage\":\"es\"},{\"@type\":\"Person\",\"@id\":\"https:\/\/all4sec.es\/blog\/#\/schema\/person\/d8839fb727b62b7c4e8598b89fdaafa9\",\"name\":\"Juanjo Galan\",\"image\":{\"@type\":\"ImageObject\",\"inLanguage\":\"es\",\"@id\":\"https:\/\/all4sec.es\/blog\/#\/schema\/person\/image\/\",\"url\":\"https:\/\/secure.gravatar.com\/avatar\/a3f0814447c3b2bad83feb430187bee0?s=96&d=mm&r=g\",\"contentUrl\":\"https:\/\/secure.gravatar.com\/avatar\/a3f0814447c3b2bad83feb430187bee0?s=96&d=mm&r=g\",\"caption\":\"Juanjo Galan\"},\"url\":\"https:\/\/all4sec.es\/blog\/index.php\/author\/juanjo\/\"}]}<\/script>\n<!-- \/ Yoast SEO plugin. -->","yoast_head_json":{"title":"Ciberseguridad: Debates representativos del 2018 - all4sec.es","robots":{"index":"index","follow":"follow","max-snippet":"max-snippet:-1","max-image-preview":"max-image-preview:large","max-video-preview":"max-video-preview:-1"},"canonical":"https:\/\/all4sec.es\/blog\/index.php\/2018\/12\/22\/ciberseguridad-debates-representativos-del-2018\/","og_locale":"es_ES","og_type":"article","og_title":"Ciberseguridad: Debates representativos del 2018 - all4sec.es","og_description":"Cuando finaliza un a\u00f1o es habitual que muchos hagamos balance pensando en t\u00e9rminos personales o incluso profesionales. Nadie escapa al reto, aunque sea por un instante, de analizar los principales hechos y acontecimientos que han marcado su vida \u2014o al menos han despertado su inter\u00e9s\u2014 a lo largo de los \u00faltimos 365 d\u00edas. En All4Sec&hellip;","og_url":"https:\/\/all4sec.es\/blog\/index.php\/2018\/12\/22\/ciberseguridad-debates-representativos-del-2018\/","og_site_name":"all4sec.es","article_published_time":"2018-12-22T12:25:29+00:00","article_modified_time":"2020-06-25T08:57:36+00:00","og_image":[{"width":1920,"height":1280,"url":"https:\/\/all4sec.es\/blog\/wp-content\/uploads\/2019\/05\/debate.png","type":"image\/png"}],"author":"Juanjo Galan","twitter_card":"summary_large_image","twitter_misc":{"Escrito por":"Juanjo Galan","Tiempo de lectura":"8 minutos"},"schema":{"@context":"https:\/\/schema.org","@graph":[{"@type":"WebPage","@id":"https:\/\/all4sec.es\/blog\/index.php\/2018\/12\/22\/ciberseguridad-debates-representativos-del-2018\/","url":"https:\/\/all4sec.es\/blog\/index.php\/2018\/12\/22\/ciberseguridad-debates-representativos-del-2018\/","name":"Ciberseguridad: Debates representativos del 2018 - all4sec.es","isPartOf":{"@id":"https:\/\/all4sec.es\/blog\/#website"},"primaryImageOfPage":{"@id":"https:\/\/all4sec.es\/blog\/index.php\/2018\/12\/22\/ciberseguridad-debates-representativos-del-2018\/#primaryimage"},"image":{"@id":"https:\/\/all4sec.es\/blog\/index.php\/2018\/12\/22\/ciberseguridad-debates-representativos-del-2018\/#primaryimage"},"thumbnailUrl":"https:\/\/all4sec.es\/blog\/wp-content\/uploads\/2019\/05\/debate.png","datePublished":"2018-12-22T12:25:29+00:00","dateModified":"2020-06-25T08:57:36+00:00","author":{"@id":"https:\/\/all4sec.es\/blog\/#\/schema\/person\/d8839fb727b62b7c4e8598b89fdaafa9"},"breadcrumb":{"@id":"https:\/\/all4sec.es\/blog\/index.php\/2018\/12\/22\/ciberseguridad-debates-representativos-del-2018\/#breadcrumb"},"inLanguage":"es","potentialAction":[{"@type":"ReadAction","target":["https:\/\/all4sec.es\/blog\/index.php\/2018\/12\/22\/ciberseguridad-debates-representativos-del-2018\/"]}]},{"@type":"ImageObject","inLanguage":"es","@id":"https:\/\/all4sec.es\/blog\/index.php\/2018\/12\/22\/ciberseguridad-debates-representativos-del-2018\/#primaryimage","url":"https:\/\/all4sec.es\/blog\/wp-content\/uploads\/2019\/05\/debate.png","contentUrl":"https:\/\/all4sec.es\/blog\/wp-content\/uploads\/2019\/05\/debate.png","width":1920,"height":1280},{"@type":"BreadcrumbList","@id":"https:\/\/all4sec.es\/blog\/index.php\/2018\/12\/22\/ciberseguridad-debates-representativos-del-2018\/#breadcrumb","itemListElement":[{"@type":"ListItem","position":1,"name":"Portada","item":"https:\/\/all4sec.es\/blog\/"},{"@type":"ListItem","position":2,"name":"Ciberseguridad: Debates representativos del 2018"}]},{"@type":"WebSite","@id":"https:\/\/all4sec.es\/blog\/#website","url":"https:\/\/all4sec.es\/blog\/","name":"all4sec.es","description":"","potentialAction":[{"@type":"SearchAction","target":{"@type":"EntryPoint","urlTemplate":"https:\/\/all4sec.es\/blog\/?s={search_term_string}"},"query-input":"required name=search_term_string"}],"inLanguage":"es"},{"@type":"Person","@id":"https:\/\/all4sec.es\/blog\/#\/schema\/person\/d8839fb727b62b7c4e8598b89fdaafa9","name":"Juanjo Galan","image":{"@type":"ImageObject","inLanguage":"es","@id":"https:\/\/all4sec.es\/blog\/#\/schema\/person\/image\/","url":"https:\/\/secure.gravatar.com\/avatar\/a3f0814447c3b2bad83feb430187bee0?s=96&d=mm&r=g","contentUrl":"https:\/\/secure.gravatar.com\/avatar\/a3f0814447c3b2bad83feb430187bee0?s=96&d=mm&r=g","caption":"Juanjo Galan"},"url":"https:\/\/all4sec.es\/blog\/index.php\/author\/juanjo\/"}]}},"_links":{"self":[{"href":"https:\/\/all4sec.es\/blog\/index.php\/wp-json\/wp\/v2\/posts\/459"}],"collection":[{"href":"https:\/\/all4sec.es\/blog\/index.php\/wp-json\/wp\/v2\/posts"}],"about":[{"href":"https:\/\/all4sec.es\/blog\/index.php\/wp-json\/wp\/v2\/types\/post"}],"author":[{"embeddable":true,"href":"https:\/\/all4sec.es\/blog\/index.php\/wp-json\/wp\/v2\/users\/3"}],"replies":[{"embeddable":true,"href":"https:\/\/all4sec.es\/blog\/index.php\/wp-json\/wp\/v2\/comments?post=459"}],"version-history":[{"count":2,"href":"https:\/\/all4sec.es\/blog\/index.php\/wp-json\/wp\/v2\/posts\/459\/revisions"}],"predecessor-version":[{"id":474,"href":"https:\/\/all4sec.es\/blog\/index.php\/wp-json\/wp\/v2\/posts\/459\/revisions\/474"}],"wp:featuredmedia":[{"embeddable":true,"href":"https:\/\/all4sec.es\/blog\/index.php\/wp-json\/wp\/v2\/media\/460"}],"wp:attachment":[{"href":"https:\/\/all4sec.es\/blog\/index.php\/wp-json\/wp\/v2\/media?parent=459"}],"wp:term":[{"taxonomy":"category","embeddable":true,"href":"https:\/\/all4sec.es\/blog\/index.php\/wp-json\/wp\/v2\/categories?post=459"},{"taxonomy":"post_tag","embeddable":true,"href":"https:\/\/all4sec.es\/blog\/index.php\/wp-json\/wp\/v2\/tags?post=459"}],"curies":[{"name":"wp","href":"https:\/\/api.w.org\/{rel}","templated":true}]}}